{"id":10061,"date":"2022-09-14T10:56:39","date_gmt":"2022-09-14T08:56:39","guid":{"rendered":"https:\/\/www.feuerwehr-florian.com\/?p=10061"},"modified":"2022-09-14T13:44:31","modified_gmt":"2022-09-14T11:44:31","slug":"verkehrsunfall-auf-der-a1-fahrtrichtung-salzburg-3","status":"publish","type":"post","link":"https:\/\/www.feuerwehr-florian.com\/?p=10061","title":{"rendered":"Verkehrsunfall auf der A1 Fahrtrichtung Salzburg"},"content":{"rendered":"<p>Mittwoch Vormittag wurde die FF St. Florian gemeinsam mit der FF Asten sowie FF Enns zu einem Verkehrsunfall mit eingeklemmter Person auf die A1 Fahrtrichtung Salzburg alarmiert.<\/p>\n<p><!--more--><\/p>\n<p>Da sich unser TLFA-B am heutigen Tag beim j\u00e4hrlichen Fahrzeugservice befindet, wurde auch die FF Enns mitalarmiert, um ausreichend Ger\u00e4tschaften vor Ort zu haben. Gl\u00fccklicherweise konnte der Fahrer des verunfallten Fahrzeuges ohne Hilfe des hydraulischen Rettungsger\u00e4ts gerettet und dem Roten Kreuz \u00fcbergeben werden. Die Aufr\u00e4umarbeiten wurden durch die FF Asten sowie der ASFINAG durchgef\u00fchrt. Im Einsatz standen 17 Mann der FF St. Florian mit zwei Fahrzeugen (<strong><a href=\"https:\/\/www.feuerwehr-florian.com\/?page_id=2916\">KDOA<\/a><\/strong>, <strong><a href=\"https:\/\/www.feuerwehr-florian.com\/?page_id=3049\">LF-A<\/a><\/strong>) ca. 45 Minuten lang.<\/p>\n\n\t\t<style type=\"text\/css\">\n\t\t\t#gallery-1 {\n\t\t\t\tmargin: auto;\n\t\t\t}\n\t\t\t#gallery-1 .gallery-item {\n\t\t\t\tfloat: left;\n\t\t\t\tmargin-top: 10px;\n\t\t\t\ttext-align: center;\n\t\t\t\twidth: 33%;\n\t\t\t}\n\t\t\t#gallery-1 img {\n\t\t\t\tborder: 2px solid #cfcfcf;\n\t\t\t}\n\t\t\t#gallery-1 .gallery-caption {\n\t\t\t\tmargin-left: 0;\n\t\t\t}\n\t\t\t\/* see gallery_shortcode() in wp-includes\/media.php *\/\n\t\t<\/style>\n\t\t<div id='gallery-1' class='gallery galleryid-10061 gallery-columns-3 gallery-size-thumbnail'><dl class='gallery-item'>\n\t\t\t<dt class='gallery-icon landscape'>\n\t\t\t\t<a href='https:\/\/www.feuerwehr-florian.com\/wp-content\/uploads\/2022\/09\/IMG_5827.jpeg' title=\"\" data-rl_title=\"\" class=\"rl-gallery-link\" data-rl_caption=\"\" data-rel=\"lightbox-gallery-1\"><img loading=\"lazy\" decoding=\"async\" width=\"250\" height=\"250\" src=\"https:\/\/www.feuerwehr-florian.com\/wp-content\/uploads\/2022\/09\/IMG_5827-250x250.jpeg\" class=\"attachment-thumbnail size-thumbnail\" alt=\"\" \/><\/a>\n\t\t\t<\/dt><\/dl><dl class='gallery-item'>\n\t\t\t<dt class='gallery-icon landscape'>\n\t\t\t\t<a href='https:\/\/www.feuerwehr-florian.com\/wp-content\/uploads\/2022\/09\/IMG_5833.jpeg' title=\"\" data-rl_title=\"\" class=\"rl-gallery-link\" data-rl_caption=\"\" data-rel=\"lightbox-gallery-1\"><img loading=\"lazy\" decoding=\"async\" width=\"250\" height=\"250\" src=\"https:\/\/www.feuerwehr-florian.com\/wp-content\/uploads\/2022\/09\/IMG_5833-250x250.jpeg\" class=\"attachment-thumbnail size-thumbnail\" alt=\"\" \/><\/a>\n\t\t\t<\/dt><\/dl><dl class='gallery-item'>\n\t\t\t<dt class='gallery-icon landscape'>\n\t\t\t\t<a href='https:\/\/www.feuerwehr-florian.com\/wp-content\/uploads\/2022\/09\/IMG_5843.jpeg' title=\"\" data-rl_title=\"\" class=\"rl-gallery-link\" data-rl_caption=\"\" data-rel=\"lightbox-gallery-1\"><img loading=\"lazy\" decoding=\"async\" width=\"250\" height=\"250\" src=\"https:\/\/www.feuerwehr-florian.com\/wp-content\/uploads\/2022\/09\/IMG_5843-250x250.jpeg\" class=\"attachment-thumbnail size-thumbnail\" alt=\"\" \/><\/a>\n\t\t\t<\/dt><\/dl><br style=\"clear: both\" \/>\n\t\t<\/div>\n\n","protected":false},"excerpt":{"rendered":"<p>Mittwoch Vormittag wurde die FF St. Florian gemeinsam mit der FF Asten sowie FF Enns zu einem Verkehrsunfall mit eingeklemmter Person auf die A1 Fahrtrichtung Salzburg alarmiert.<\/p>\n","protected":false},"author":2,"featured_media":10064,"comment_status":"closed","ping_status":"open","sticky":false,"template":"","format":"standard","meta":{"_jetpack_memberships_contains_paid_content":false,"footnotes":"","jetpack_publicize_message":"","jetpack_publicize_feature_enabled":true,"jetpack_social_post_already_shared":true,"jetpack_social_options":{"image_generator_settings":{"template":"highway","default_image_id":0,"font":"","enabled":false},"version":2}},"categories":[218,22],"tags":[46,47,4,19,8,9],"class_list":["post-10061","post","type-post","status-publish","format-standard","has-post-thumbnail","hentry","category-218","category-einsaetze","tag-a1","tag-autobahn","tag-einsatz","tag-kfz","tag-technischer-einsatz","tag-unfall"],"jetpack_publicize_connections":[],"jetpack_featured_media_url":"https:\/\/www.feuerwehr-florian.com\/wp-content\/uploads\/2022\/09\/IMG_5843.jpeg","jetpack_sharing_enabled":true,"jetpack_likes_enabled":true,"_links":{"self":[{"href":"https:\/\/www.feuerwehr-florian.com\/index.php?rest_route=\/wp\/v2\/posts\/10061","targetHints":{"allow":["GET"]}}],"collection":[{"href":"https:\/\/www.feuerwehr-florian.com\/index.php?rest_route=\/wp\/v2\/posts"}],"about":[{"href":"https:\/\/www.feuerwehr-florian.com\/index.php?rest_route=\/wp\/v2\/types\/post"}],"author":[{"embeddable":true,"href":"https:\/\/www.feuerwehr-florian.com\/index.php?rest_route=\/wp\/v2\/users\/2"}],"replies":[{"embeddable":true,"href":"https:\/\/www.feuerwehr-florian.com\/index.php?rest_route=%2Fwp%2Fv2%2Fcomments&post=10061"}],"version-history":[{"count":2,"href":"https:\/\/www.feuerwehr-florian.com\/index.php?rest_route=\/wp\/v2\/posts\/10061\/revisions"}],"predecessor-version":[{"id":10066,"href":"https:\/\/www.feuerwehr-florian.com\/index.php?rest_route=\/wp\/v2\/posts\/10061\/revisions\/10066"}],"wp:featuredmedia":[{"embeddable":true,"href":"https:\/\/www.feuerwehr-florian.com\/index.php?rest_route=\/wp\/v2\/media\/10064"}],"wp:attachment":[{"href":"https:\/\/www.feuerwehr-florian.com\/index.php?rest_route=%2Fwp%2Fv2%2Fmedia&parent=10061"}],"wp:term":[{"taxonomy":"category","embeddable":true,"href":"https:\/\/www.feuerwehr-florian.com\/index.php?rest_route=%2Fwp%2Fv2%2Fcategories&post=10061"},{"taxonomy":"post_tag","embeddable":true,"href":"https:\/\/www.feuerwehr-florian.com\/index.php?rest_route=%2Fwp%2Fv2%2Ftags&post=10061"}],"curies":[{"name":"wp","href":"https:\/\/api.w.org\/{rel}","templated":true}]}}