{"id":10068,"date":"2022-09-14T17:25:47","date_gmt":"2022-09-14T15:25:47","guid":{"rendered":"https:\/\/www.feuerwehr-florian.com\/?p=10068"},"modified":"2022-09-14T17:35:33","modified_gmt":"2022-09-14T15:35:33","slug":"zweiter-einsatz-an-diesem-tag-brandmeldealarm-im-gewerbegebiet","status":"publish","type":"post","link":"https:\/\/www.feuerwehr-florian.com\/?p=10068","title":{"rendered":"Zweiter Einsatz an diesem Tag: Brandmeldealarm im Gewerbegebiet"},"content":{"rendered":"<p>Am 14.09.2022 um 16:54 Uhr heulten zum zweiten Mal an diesem Tag die Sirenen in St. Florian. Die Feuerwehr St. Florian wurde zu einem Brandmeldealarm ins Gewerbegebiet gerufen.<\/p>\n<p><!--more--><\/p>\n<p>Der Einsatzzug der FF St. Florian konnte aufgrund laufender Aufbauarbeiten f\u00fcr unseren Tag der offenen T\u00fcr umgehend ausr\u00fccken. Vor Ort konnte keine Rauchentwicklung festgestellt werden. Die Brandmeldeanlage wurde daraufhin zur\u00fcckgestellt und dem Brandschutzbeauftragen \u00fcbergeben.<\/p>\n<p>Die Feuerwehr St. Florian stand mit 22 Mann und drei Fahrzeugen (KDO-A, LF-A, TB23-12) f\u00fcr rund 45 Minuten im Einsatz.<\/p>\n","protected":false},"excerpt":{"rendered":"<p>Am 14.09.2022 um 16:54 Uhr heulten zum zweiten Mal an diesem Tag die Sirenen in St. Florian. Die Feuerwehr St. Florian wurde zu einem Brandmeldealarm ins Gewerbegebiet gerufen.<\/p>\n","protected":false},"author":8,"featured_media":8988,"comment_status":"closed","ping_status":"open","sticky":false,"template":"","format":"standard","meta":{"_jetpack_memberships_contains_paid_content":false,"footnotes":"","jetpack_publicize_message":"","jetpack_publicize_feature_enabled":true,"jetpack_social_post_already_shared":true,"jetpack_social_options":{"image_generator_settings":{"template":"highway","default_image_id":0,"font":"","enabled":false},"version":2}},"categories":[218,22],"tags":[219,151,16],"class_list":["post-10068","post","type-post","status-publish","format-standard","has-post-thumbnail","hentry","category-218","category-einsaetze","tag-219","tag-bma","tag-brandmeldealarm"],"jetpack_publicize_connections":[],"jetpack_featured_media_url":"https:\/\/www.feuerwehr-florian.com\/wp-content\/uploads\/2021\/04\/symbol2.jpg","jetpack_sharing_enabled":true,"jetpack_likes_enabled":true,"_links":{"self":[{"href":"https:\/\/www.feuerwehr-florian.com\/index.php?rest_route=\/wp\/v2\/posts\/10068","targetHints":{"allow":["GET"]}}],"collection":[{"href":"https:\/\/www.feuerwehr-florian.com\/index.php?rest_route=\/wp\/v2\/posts"}],"about":[{"href":"https:\/\/www.feuerwehr-florian.com\/index.php?rest_route=\/wp\/v2\/types\/post"}],"author":[{"embeddable":true,"href":"https:\/\/www.feuerwehr-florian.com\/index.php?rest_route=\/wp\/v2\/users\/8"}],"replies":[{"embeddable":true,"href":"https:\/\/www.feuerwehr-florian.com\/index.php?rest_route=%2Fwp%2Fv2%2Fcomments&post=10068"}],"version-history":[{"count":3,"href":"https:\/\/www.feuerwehr-florian.com\/index.php?rest_route=\/wp\/v2\/posts\/10068\/revisions"}],"predecessor-version":[{"id":10071,"href":"https:\/\/www.feuerwehr-florian.com\/index.php?rest_route=\/wp\/v2\/posts\/10068\/revisions\/10071"}],"wp:featuredmedia":[{"embeddable":true,"href":"https:\/\/www.feuerwehr-florian.com\/index.php?rest_route=\/wp\/v2\/media\/8988"}],"wp:attachment":[{"href":"https:\/\/www.feuerwehr-florian.com\/index.php?rest_route=%2Fwp%2Fv2%2Fmedia&parent=10068"}],"wp:term":[{"taxonomy":"category","embeddable":true,"href":"https:\/\/www.feuerwehr-florian.com\/index.php?rest_route=%2Fwp%2Fv2%2Fcategories&post=10068"},{"taxonomy":"post_tag","embeddable":true,"href":"https:\/\/www.feuerwehr-florian.com\/index.php?rest_route=%2Fwp%2Fv2%2Ftags&post=10068"}],"curies":[{"name":"wp","href":"https:\/\/api.w.org\/{rel}","templated":true}]}}