{"id":10088,"date":"2022-09-19T19:03:19","date_gmt":"2022-09-19T17:03:19","guid":{"rendered":"https:\/\/www.feuerwehr-florian.com\/?p=10088"},"modified":"2024-11-26T23:21:12","modified_gmt":"2024-11-26T22:21:12","slug":"festakt-150-jahrfeier-im-marmorsaal","status":"publish","type":"post","link":"https:\/\/www.feuerwehr-florian.com\/?p=10088","title":{"rendered":"Festakt 150 Jahrfeier im Marmorsaal"},"content":{"rendered":"<p>Nach dem Tag der offenen T\u00fcr wurde als Abschlussveranstaltung unseres Jubil\u00e4umsjahres im Marmorsaal ein Festakt mit geschichtlichem R\u00fcckblick unserer Feuerwehr abgehalten.<\/p>\n<p><!--more--><\/p>\n<p>Moderiert wurde die Veranstaltung von Ortrun Schandl, einer Radiosprecherin von Life Radio. Neben dem B\u00fcrgermeister, Vertretern des Stifts, der Polizei, des Roten Kreuzes, der Gemeinde, unserer Partnerfeuerwehr FF Strassen aus Osttirol und Abordnungen der Nachbarfeuerwehren konnten wir auch den Pr\u00e4sidenten des \u00f6sterreichischen Bundesfeuerwehrverbandes Herrn Robert Mayer begr\u00fc\u00dfen. Nach einem kurzen Video \u00fcber unsere Feuerwehr folgte ein geschichtlicher R\u00fcckblick mit zwei Interviewrunden. Auch die Pr\u00e4sentation unserer neuen Feuerwehrchronik stand am Programm. Besonders freute es uns, dass unter unseren G\u00e4sten auch Frau Anna Wall und Herr Anton Kiener anwesend waren. Frau Wall war w\u00e4hrend der Kriegsjahre bereits als weibliche Feuerwehrhelferin zum Feuerwehrdienst einberufen worden. Herr Kiener wurde f\u00fcr 80 Jahre Feuerwehrdienst eine Ehrenurkunde \u00fcberreicht. Nach dem geschichtlichen R\u00fcckblick wurden mehrere langj\u00e4hrige Kommandomitglieder mit der Florianmedaille ausgezeichnet. Anschlie\u00dfend konnte im bestens besuchten Marmorsaal bei einem Buffet der Abend noch ausgiebig gefeiert werden.<\/p>\n<p>Fotos: <strong><a href=\"https:\/\/fotokerschi.at\/\">Fotokerschi.at<\/a><\/strong><\/p>\n\n\t\t<style type=\"text\/css\">\n\t\t\t#gallery-1 {\n\t\t\t\tmargin: auto;\n\t\t\t}\n\t\t\t#gallery-1 .gallery-item {\n\t\t\t\tfloat: left;\n\t\t\t\tmargin-top: 10px;\n\t\t\t\ttext-align: center;\n\t\t\t\twidth: 33%;\n\t\t\t}\n\t\t\t#gallery-1 img {\n\t\t\t\tborder: 2px solid #cfcfcf;\n\t\t\t}\n\t\t\t#gallery-1 .gallery-caption {\n\t\t\t\tmargin-left: 0;\n\t\t\t}\n\t\t\t\/* see gallery_shortcode() in wp-includes\/media.php *\/\n\t\t<\/style>\n\t\t<div id='gallery-1' class='gallery galleryid-10088 gallery-columns-3 gallery-size-thumbnail'><dl class='gallery-item'>\n\t\t\t<dt class='gallery-icon landscape'>\n\t\t\t\t<a href='https:\/\/www.feuerwehr-florian.com\/wp-content\/uploads\/2022\/09\/1-2.jpg' title=\"\" data-rl_title=\"\" class=\"rl-gallery-link\" data-rl_caption=\"\" data-rel=\"lightbox-gallery-1\"><img loading=\"lazy\" decoding=\"async\" width=\"250\" height=\"250\" src=\"https:\/\/www.feuerwehr-florian.com\/wp-content\/uploads\/2022\/09\/1-2-250x250.jpg\" class=\"attachment-thumbnail size-thumbnail\" alt=\"\" \/><\/a>\n\t\t\t<\/dt><\/dl><dl class='gallery-item'>\n\t\t\t<dt class='gallery-icon landscape'>\n\t\t\t\t<a href='https:\/\/www.feuerwehr-florian.com\/wp-content\/uploads\/2022\/09\/2-2.jpg' title=\"\" data-rl_title=\"\" class=\"rl-gallery-link\" data-rl_caption=\"\" data-rel=\"lightbox-gallery-1\"><img loading=\"lazy\" decoding=\"async\" width=\"250\" height=\"250\" src=\"https:\/\/www.feuerwehr-florian.com\/wp-content\/uploads\/2022\/09\/2-2-250x250.jpg\" class=\"attachment-thumbnail size-thumbnail\" alt=\"\" \/><\/a>\n\t\t\t<\/dt><\/dl><dl class='gallery-item'>\n\t\t\t<dt class='gallery-icon landscape'>\n\t\t\t\t<a href='https:\/\/www.feuerwehr-florian.com\/wp-content\/uploads\/2022\/09\/3-1.jpg' title=\"\" data-rl_title=\"\" class=\"rl-gallery-link\" data-rl_caption=\"\" data-rel=\"lightbox-gallery-1\"><img loading=\"lazy\" decoding=\"async\" width=\"250\" height=\"250\" src=\"https:\/\/www.feuerwehr-florian.com\/wp-content\/uploads\/2022\/09\/3-1-250x250.jpg\" class=\"attachment-thumbnail size-thumbnail\" alt=\"\" \/><\/a>\n\t\t\t<\/dt><\/dl><br style=\"clear: both\" \/><dl class='gallery-item'>\n\t\t\t<dt class='gallery-icon landscape'>\n\t\t\t\t<a href='https:\/\/www.feuerwehr-florian.com\/wp-content\/uploads\/2022\/09\/4-1.jpg' title=\"\" data-rl_title=\"\" class=\"rl-gallery-link\" data-rl_caption=\"\" data-rel=\"lightbox-gallery-1\"><img loading=\"lazy\" decoding=\"async\" width=\"250\" height=\"250\" src=\"https:\/\/www.feuerwehr-florian.com\/wp-content\/uploads\/2022\/09\/4-1-250x250.jpg\" class=\"attachment-thumbnail size-thumbnail\" alt=\"\" \/><\/a>\n\t\t\t<\/dt><\/dl><dl class='gallery-item'>\n\t\t\t<dt class='gallery-icon landscape'>\n\t\t\t\t<a href='https:\/\/www.feuerwehr-florian.com\/wp-content\/uploads\/2022\/09\/5-1.jpg' title=\"\" data-rl_title=\"\" class=\"rl-gallery-link\" data-rl_caption=\"\" data-rel=\"lightbox-gallery-1\"><img loading=\"lazy\" decoding=\"async\" width=\"250\" height=\"250\" src=\"https:\/\/www.feuerwehr-florian.com\/wp-content\/uploads\/2022\/09\/5-1-250x250.jpg\" class=\"attachment-thumbnail size-thumbnail\" alt=\"\" \/><\/a>\n\t\t\t<\/dt><\/dl><dl class='gallery-item'>\n\t\t\t<dt class='gallery-icon landscape'>\n\t\t\t\t<a href='https:\/\/www.feuerwehr-florian.com\/wp-content\/uploads\/2022\/09\/6-1.jpg' title=\"\" data-rl_title=\"\" class=\"rl-gallery-link\" data-rl_caption=\"\" data-rel=\"lightbox-gallery-1\"><img loading=\"lazy\" decoding=\"async\" width=\"250\" height=\"250\" src=\"https:\/\/www.feuerwehr-florian.com\/wp-content\/uploads\/2022\/09\/6-1-250x250.jpg\" class=\"attachment-thumbnail size-thumbnail\" alt=\"\" \/><\/a>\n\t\t\t<\/dt><\/dl><br style=\"clear: both\" \/><dl class='gallery-item'>\n\t\t\t<dt class='gallery-icon landscape'>\n\t\t\t\t<a href='https:\/\/www.feuerwehr-florian.com\/wp-content\/uploads\/2022\/09\/7.jpg' title=\"\" data-rl_title=\"\" class=\"rl-gallery-link\" data-rl_caption=\"\" data-rel=\"lightbox-gallery-1\"><img loading=\"lazy\" decoding=\"async\" width=\"250\" height=\"250\" src=\"https:\/\/www.feuerwehr-florian.com\/wp-content\/uploads\/2022\/09\/7-250x250.jpg\" class=\"attachment-thumbnail size-thumbnail\" alt=\"\" \/><\/a>\n\t\t\t<\/dt><\/dl><dl class='gallery-item'>\n\t\t\t<dt class='gallery-icon landscape'>\n\t\t\t\t<a href='https:\/\/www.feuerwehr-florian.com\/wp-content\/uploads\/2022\/09\/8.jpg' title=\"\" data-rl_title=\"\" class=\"rl-gallery-link\" data-rl_caption=\"\" data-rel=\"lightbox-gallery-1\"><img loading=\"lazy\" decoding=\"async\" width=\"250\" height=\"250\" src=\"https:\/\/www.feuerwehr-florian.com\/wp-content\/uploads\/2022\/09\/8-250x250.jpg\" class=\"attachment-thumbnail size-thumbnail\" alt=\"\" \/><\/a>\n\t\t\t<\/dt><\/dl><dl class='gallery-item'>\n\t\t\t<dt class='gallery-icon landscape'>\n\t\t\t\t<a href='https:\/\/www.feuerwehr-florian.com\/wp-content\/uploads\/2022\/09\/9.jpg' title=\"\" data-rl_title=\"\" class=\"rl-gallery-link\" data-rl_caption=\"\" data-rel=\"lightbox-gallery-1\"><img loading=\"lazy\" decoding=\"async\" width=\"250\" height=\"250\" src=\"https:\/\/www.feuerwehr-florian.com\/wp-content\/uploads\/2022\/09\/9-250x250.jpg\" class=\"attachment-thumbnail size-thumbnail\" alt=\"\" \/><\/a>\n\t\t\t<\/dt><\/dl><br style=\"clear: both\" \/>\n\t\t<\/div>\n\n","protected":false},"excerpt":{"rendered":"<p>Nach dem Tag der offenen T\u00fcr wurde als Abschlussveranstaltung unseres Jubil\u00e4umsjahres im Marmorsaal ein Festakt mit geschichtlichem R\u00fcckblick unserer Feuerwehr abgehalten.<\/p>\n","protected":false},"author":2,"featured_media":10098,"comment_status":"closed","ping_status":"open","sticky":false,"template":"","format":"standard","meta":{"_jetpack_memberships_contains_paid_content":false,"footnotes":"","jetpack_publicize_message":"","jetpack_publicize_feature_enabled":true,"jetpack_social_post_already_shared":true,"jetpack_social_options":{"image_generator_settings":{"template":"highway","default_image_id":0,"font":"","enabled":false},"version":2}},"categories":[218,223],"tags":[219],"class_list":["post-10088","post","type-post","status-publish","format-standard","has-post-thumbnail","hentry","category-218","category-veranstaltung","tag-219"],"jetpack_publicize_connections":[],"jetpack_featured_media_url":"https:\/\/www.feuerwehr-florian.com\/wp-content\/uploads\/2022\/09\/7.jpg","jetpack_sharing_enabled":true,"jetpack_likes_enabled":true,"_links":{"self":[{"href":"https:\/\/www.feuerwehr-florian.com\/index.php?rest_route=\/wp\/v2\/posts\/10088","targetHints":{"allow":["GET"]}}],"collection":[{"href":"https:\/\/www.feuerwehr-florian.com\/index.php?rest_route=\/wp\/v2\/posts"}],"about":[{"href":"https:\/\/www.feuerwehr-florian.com\/index.php?rest_route=\/wp\/v2\/types\/post"}],"author":[{"embeddable":true,"href":"https:\/\/www.feuerwehr-florian.com\/index.php?rest_route=\/wp\/v2\/users\/2"}],"replies":[{"embeddable":true,"href":"https:\/\/www.feuerwehr-florian.com\/index.php?rest_route=%2Fwp%2Fv2%2Fcomments&post=10088"}],"version-history":[{"count":4,"href":"https:\/\/www.feuerwehr-florian.com\/index.php?rest_route=\/wp\/v2\/posts\/10088\/revisions"}],"predecessor-version":[{"id":10105,"href":"https:\/\/www.feuerwehr-florian.com\/index.php?rest_route=\/wp\/v2\/posts\/10088\/revisions\/10105"}],"wp:featuredmedia":[{"embeddable":true,"href":"https:\/\/www.feuerwehr-florian.com\/index.php?rest_route=\/wp\/v2\/media\/10098"}],"wp:attachment":[{"href":"https:\/\/www.feuerwehr-florian.com\/index.php?rest_route=%2Fwp%2Fv2%2Fmedia&parent=10088"}],"wp:term":[{"taxonomy":"category","embeddable":true,"href":"https:\/\/www.feuerwehr-florian.com\/index.php?rest_route=%2Fwp%2Fv2%2Fcategories&post=10088"},{"taxonomy":"post_tag","embeddable":true,"href":"https:\/\/www.feuerwehr-florian.com\/index.php?rest_route=%2Fwp%2Fv2%2Ftags&post=10088"}],"curies":[{"name":"wp","href":"https:\/\/api.w.org\/{rel}","templated":true}]}}