{"id":10358,"date":"2022-12-15T20:54:27","date_gmt":"2022-12-15T19:54:27","guid":{"rendered":"https:\/\/www.feuerwehr-florian.com\/?p=10358"},"modified":"2022-12-26T14:35:30","modified_gmt":"2022-12-26T13:35:30","slug":"uebungsbetrieb-mit-not-abseilgeraet","status":"publish","type":"post","link":"https:\/\/www.feuerwehr-florian.com\/?p=10358","title":{"rendered":"\u00dcbungsbetrieb mit Not-Abseilger\u00e4t"},"content":{"rendered":"<p>Im Rahmen der w\u00f6chentlichen Ausbildung stand dieses Mal der Umgang mit dem Not-Abseilger\u00e4t von unserem Hubrettungsfahrzeug am Programm.<\/p>\n<p><!--more-->Mit unserer Teleskopmastb\u00fchne (<a href=\"https:\/\/www.feuerwehr-florian.com\/?page_id=3048\">TB 23-12<\/a>) k\u00f6nnen Arbeiten und Rettungsaktionen auf bis zu 30m H\u00f6he durchgef\u00fchrt werden Die Korbmaschinisten aber auch alle anderen Feuerwehrmitglieder, die Arbeiten in der H\u00f6he durchf\u00fchren, m\u00fcssen f\u00fcr den Fall eines kompletten Ausfalls der Fahrzeugelektronik in der Lage sein, sich mit dem Not-Abseilger\u00e4t aus dem Korb abzuseilen. Mit diesem System k\u00f6nnen auch zu rettende Personen auf den Boden gebracht werden.<\/p>\n<p>Diese Woche wurde der Umgang mit diesem Ger\u00e4t in Theorie geschult und gleich im Anschluss in der Praxis erprobt.<\/p>\n\n\t\t<style type=\"text\/css\">\n\t\t\t#gallery-1 {\n\t\t\t\tmargin: auto;\n\t\t\t}\n\t\t\t#gallery-1 .gallery-item {\n\t\t\t\tfloat: left;\n\t\t\t\tmargin-top: 10px;\n\t\t\t\ttext-align: center;\n\t\t\t\twidth: 33%;\n\t\t\t}\n\t\t\t#gallery-1 img {\n\t\t\t\tborder: 2px solid #cfcfcf;\n\t\t\t}\n\t\t\t#gallery-1 .gallery-caption {\n\t\t\t\tmargin-left: 0;\n\t\t\t}\n\t\t\t\/* see gallery_shortcode() in wp-includes\/media.php *\/\n\t\t<\/style>\n\t\t<div id='gallery-1' class='gallery galleryid-10358 gallery-columns-3 gallery-size-thumbnail'><dl class='gallery-item'>\n\t\t\t<dt class='gallery-icon portrait'>\n\t\t\t\t<a href='https:\/\/www.feuerwehr-florian.com\/wp-content\/uploads\/2022\/12\/IMG_20221213_194439.jpg' title=\"\" data-rl_title=\"\" class=\"rl-gallery-link\" data-rl_caption=\"\" data-rel=\"lightbox-gallery-1\"><img loading=\"lazy\" decoding=\"async\" width=\"250\" height=\"250\" src=\"https:\/\/www.feuerwehr-florian.com\/wp-content\/uploads\/2022\/12\/IMG_20221213_194439-250x250.jpg\" class=\"attachment-thumbnail size-thumbnail\" alt=\"\" \/><\/a>\n\t\t\t<\/dt><\/dl>\n\t\t\t<br style='clear: both' \/>\n\t\t<\/div>\n\n","protected":false},"excerpt":{"rendered":"<p>Im Rahmen der w\u00f6chentlichen Ausbildung stand dieses Mal der Umgang mit dem Not-Abseilger\u00e4t von unserem Hubrettungsfahrzeug am Programm.<\/p>\n","protected":false},"author":11,"featured_media":10360,"comment_status":"closed","ping_status":"open","sticky":false,"template":"","format":"standard","meta":{"_jetpack_memberships_contains_paid_content":false,"footnotes":"","jetpack_publicize_message":"\u00dcbungsbetrieb mit Not-Abseilger\u00e4t","jetpack_publicize_feature_enabled":true,"jetpack_social_post_already_shared":true,"jetpack_social_options":{"image_generator_settings":{"template":"highway","default_image_id":0,"font":"","enabled":false},"version":2}},"categories":[218,74],"tags":[],"class_list":["post-10358","post","type-post","status-publish","format-standard","has-post-thumbnail","hentry","category-218","category-uebungen-ausbildungen"],"jetpack_publicize_connections":[],"jetpack_featured_media_url":"https:\/\/www.feuerwehr-florian.com\/wp-content\/uploads\/2022\/12\/IMG_20221213_194439.jpg","jetpack_sharing_enabled":true,"jetpack_likes_enabled":true,"_links":{"self":[{"href":"https:\/\/www.feuerwehr-florian.com\/index.php?rest_route=\/wp\/v2\/posts\/10358","targetHints":{"allow":["GET"]}}],"collection":[{"href":"https:\/\/www.feuerwehr-florian.com\/index.php?rest_route=\/wp\/v2\/posts"}],"about":[{"href":"https:\/\/www.feuerwehr-florian.com\/index.php?rest_route=\/wp\/v2\/types\/post"}],"author":[{"embeddable":true,"href":"https:\/\/www.feuerwehr-florian.com\/index.php?rest_route=\/wp\/v2\/users\/11"}],"replies":[{"embeddable":true,"href":"https:\/\/www.feuerwehr-florian.com\/index.php?rest_route=%2Fwp%2Fv2%2Fcomments&post=10358"}],"version-history":[{"count":2,"href":"https:\/\/www.feuerwehr-florian.com\/index.php?rest_route=\/wp\/v2\/posts\/10358\/revisions"}],"predecessor-version":[{"id":10361,"href":"https:\/\/www.feuerwehr-florian.com\/index.php?rest_route=\/wp\/v2\/posts\/10358\/revisions\/10361"}],"wp:featuredmedia":[{"embeddable":true,"href":"https:\/\/www.feuerwehr-florian.com\/index.php?rest_route=\/wp\/v2\/media\/10360"}],"wp:attachment":[{"href":"https:\/\/www.feuerwehr-florian.com\/index.php?rest_route=%2Fwp%2Fv2%2Fmedia&parent=10358"}],"wp:term":[{"taxonomy":"category","embeddable":true,"href":"https:\/\/www.feuerwehr-florian.com\/index.php?rest_route=%2Fwp%2Fv2%2Fcategories&post=10358"},{"taxonomy":"post_tag","embeddable":true,"href":"https:\/\/www.feuerwehr-florian.com\/index.php?rest_route=%2Fwp%2Fv2%2Ftags&post=10358"}],"curies":[{"name":"wp","href":"https:\/\/api.w.org\/{rel}","templated":true}]}}