{"id":10973,"date":"2023-06-13T21:41:48","date_gmt":"2023-06-13T19:41:48","guid":{"rendered":"https:\/\/www.feuerwehr-florian.com\/?p=10973"},"modified":"2023-06-13T21:41:48","modified_gmt":"2023-06-13T19:41:48","slug":"erfolgreicher-jugend-abschnittsbewerb-in-bruck-hausleiten","status":"publish","type":"post","link":"https:\/\/www.feuerwehr-florian.com\/?p=10973","title":{"rendered":"Erfolgreicher Jugend-Abschnittsbewerb in Bruck-Hausleiten"},"content":{"rendered":"<p>Unsere Jugendfeuerwehrmitglieder k\u00f6nnen mit Stolz auf ihre tollen Leistungen beim Abschnittsbewerb am 10. Juni in Bruck-Hausleiten zur\u00fcckblicken.<\/p>\n<p><!--more--><\/p>\n<p>Im Bewerb in Bronze erreichte unsere Jugend den sensationellen 1. Platz, in Silber wurde der 6. Platz in der Wertung des Abschnitts Enns belegt. Wir gratulieren dazu sehr herzlich!<\/p>\n<p>Teilgenommen haben: Benedikt Bernauer, Maximilian Broser, Johanna Ebner, Nora Grottenthaler, Tobias H\u00f6ll, Theo Kapeller, David K\u00f6nig, Angelina Poik, Alexander Reininger, Julia Werner und Santiago Weibel.<\/p>\n<p>An dieser Stelle m\u00f6chten wir wir uns bei der FF Bruck-Hausleiten und allen Bewertern f\u00fcr die tolle Organisation und Durchf\u00fchrung des Bewerbs bedanken!<\/p>\n\n\t\t<style type=\"text\/css\">\n\t\t\t#gallery-1 {\n\t\t\t\tmargin: auto;\n\t\t\t}\n\t\t\t#gallery-1 .gallery-item {\n\t\t\t\tfloat: left;\n\t\t\t\tmargin-top: 10px;\n\t\t\t\ttext-align: center;\n\t\t\t\twidth: 33%;\n\t\t\t}\n\t\t\t#gallery-1 img {\n\t\t\t\tborder: 2px solid #cfcfcf;\n\t\t\t}\n\t\t\t#gallery-1 .gallery-caption {\n\t\t\t\tmargin-left: 0;\n\t\t\t}\n\t\t\t\/* see gallery_shortcode() in wp-includes\/media.php *\/\n\t\t<\/style>\n\t\t<div id='gallery-1' class='gallery galleryid-10973 gallery-columns-3 gallery-size-thumbnail'><dl class='gallery-item'>\n\t\t\t<dt class='gallery-icon landscape'>\n\t\t\t\t<a href='https:\/\/www.feuerwehr-florian.com\/wp-content\/uploads\/2023\/06\/Bild-1.jpg' title=\"\" data-rl_title=\"\" class=\"rl-gallery-link\" data-rl_caption=\"\" data-rel=\"lightbox-gallery-1\"><img loading=\"lazy\" decoding=\"async\" width=\"250\" height=\"250\" src=\"https:\/\/www.feuerwehr-florian.com\/wp-content\/uploads\/2023\/06\/Bild-1-250x250.jpg\" class=\"attachment-thumbnail size-thumbnail\" alt=\"\" \/><\/a>\n\t\t\t<\/dt><\/dl>\n\t\t\t<br style='clear: both' \/>\n\t\t<\/div>\n\n","protected":false},"excerpt":{"rendered":"<p>Unsere Jugendfeuerwehrmitglieder k\u00f6nnen mit Stolz auf ihre tollen Leistungen beim Abschnittsbewerb am 10. Juni in Bruck-Hausleiten zur\u00fcckblicken.<\/p>\n","protected":false},"author":11,"featured_media":10976,"comment_status":"closed","ping_status":"open","sticky":false,"template":"","format":"standard","meta":{"_jetpack_memberships_contains_paid_content":false,"footnotes":"","jetpack_publicize_message":"","jetpack_publicize_feature_enabled":true,"jetpack_social_post_already_shared":true,"jetpack_social_options":{"image_generator_settings":{"template":"highway","default_image_id":0,"font":"","enabled":false},"version":2}},"categories":[231,76],"tags":[],"class_list":["post-10973","post","type-post","status-publish","format-standard","has-post-thumbnail","hentry","category-231","category-jugendfeuerwehr"],"jetpack_publicize_connections":[],"jetpack_featured_media_url":"https:\/\/www.feuerwehr-florian.com\/wp-content\/uploads\/2023\/06\/Bild-1.jpg","jetpack_sharing_enabled":true,"jetpack_likes_enabled":true,"_links":{"self":[{"href":"https:\/\/www.feuerwehr-florian.com\/index.php?rest_route=\/wp\/v2\/posts\/10973","targetHints":{"allow":["GET"]}}],"collection":[{"href":"https:\/\/www.feuerwehr-florian.com\/index.php?rest_route=\/wp\/v2\/posts"}],"about":[{"href":"https:\/\/www.feuerwehr-florian.com\/index.php?rest_route=\/wp\/v2\/types\/post"}],"author":[{"embeddable":true,"href":"https:\/\/www.feuerwehr-florian.com\/index.php?rest_route=\/wp\/v2\/users\/11"}],"replies":[{"embeddable":true,"href":"https:\/\/www.feuerwehr-florian.com\/index.php?rest_route=%2Fwp%2Fv2%2Fcomments&post=10973"}],"version-history":[{"count":3,"href":"https:\/\/www.feuerwehr-florian.com\/index.php?rest_route=\/wp\/v2\/posts\/10973\/revisions"}],"predecessor-version":[{"id":10977,"href":"https:\/\/www.feuerwehr-florian.com\/index.php?rest_route=\/wp\/v2\/posts\/10973\/revisions\/10977"}],"wp:featuredmedia":[{"embeddable":true,"href":"https:\/\/www.feuerwehr-florian.com\/index.php?rest_route=\/wp\/v2\/media\/10976"}],"wp:attachment":[{"href":"https:\/\/www.feuerwehr-florian.com\/index.php?rest_route=%2Fwp%2Fv2%2Fmedia&parent=10973"}],"wp:term":[{"taxonomy":"category","embeddable":true,"href":"https:\/\/www.feuerwehr-florian.com\/index.php?rest_route=%2Fwp%2Fv2%2Fcategories&post=10973"},{"taxonomy":"post_tag","embeddable":true,"href":"https:\/\/www.feuerwehr-florian.com\/index.php?rest_route=%2Fwp%2Fv2%2Ftags&post=10973"}],"curies":[{"name":"wp","href":"https:\/\/api.w.org\/{rel}","templated":true}]}}