{"id":1145,"date":"2015-09-06T12:00:42","date_gmt":"2015-09-06T10:00:42","guid":{"rendered":"http:\/\/wp.feuerwehr-florian.com\/?p=1145"},"modified":"2024-11-26T23:21:12","modified_gmt":"2024-11-26T22:21:12","slug":"10-jahre-einsatzzentrale-und-25-jahre-rotes-kreuz-dienststelle-st-florian","status":"publish","type":"post","link":"https:\/\/www.feuerwehr-florian.com\/?p=1145","title":{"rendered":"10 Jahre Einsatzzentrale und 25 Jahre Rotes Kreuz Dienststelle St. Florian"},"content":{"rendered":"<p>Anl\u00e4sslich des Jubil\u00e4ums 10 Jahre Einsatzzentrale und 25 Jahre Rotes Kreuz Dienststelle St. Florian luden die Mietglieder der Einsatzorganisationen zu einer Festveranstaltung.<\/p>\n<p><!--more--><\/p>\n<div class=\"blog-text\">\n<p>Begonnen wurde das Jubil\u00e4um mit einem Gottesdienst mit Stiftspfarrer Mag. Harald Ehrl in der Fahrzeughalle. Bei einem kurzen Festakt betonte B\u00fcrgermeister Robert Zeitlinger, wie wichtig die Arbeit der Einsatzorganisationen f\u00fcr die Bev\u00f6lkerung ist und er wies auch darauf hin, dass sich der Standort der Einsatzzentrale direkt im Ortsgebiet in den letzten 10 Jahren bew\u00e4hrt hat. Man kann von einem guten Miteinander der Bev\u00f6lkerung und der Blaulichtorganisationen sprechen und auch von einem Zentrum der Begegnung. Anschlie\u00dfend luden Rettung und Feuerwehr zu einem Tag der offenen T\u00fcr und einem Ausklang mit gem\u00fctlichem Beisammensein, musikalisch umrahmt von der Musikkapelle der Marktgemeinde.<\/p>\n<p>Fotos und Bericht: <a href=\"http:\/\/www.fotokerschi.at\/blog\/10-jahre-einsatzzentrale-und-25-jahre-rotes-kreuz\/\" target=\"_blank mce_href=http:\/\/www.fotokerschi.at\/blog\/10-jahre-einsatzzentrale-und-25-jahre-rotes-kreuz\/\">foto-kerschi.at<\/a><\/p>\n\n\t\t<style type=\"text\/css\">\n\t\t\t#gallery-1 {\n\t\t\t\tmargin: auto;\n\t\t\t}\n\t\t\t#gallery-1 .gallery-item {\n\t\t\t\tfloat: left;\n\t\t\t\tmargin-top: 10px;\n\t\t\t\ttext-align: center;\n\t\t\t\twidth: 33%;\n\t\t\t}\n\t\t\t#gallery-1 img {\n\t\t\t\tborder: 2px solid #cfcfcf;\n\t\t\t}\n\t\t\t#gallery-1 .gallery-caption {\n\t\t\t\tmargin-left: 0;\n\t\t\t}\n\t\t\t\/* see gallery_shortcode() in wp-includes\/media.php *\/\n\t\t<\/style>\n\t\t<div id='gallery-1' class='gallery galleryid-1145 gallery-columns-3 gallery-size-thumbnail'><dl class='gallery-item'>\n\t\t\t<dt class='gallery-icon landscape'>\n\t\t\t\t<a href='https:\/\/www.feuerwehr-florian.com\/wp-content\/uploads\/2016\/01\/20150906-6034.jpg' title=\"\" data-rl_title=\"\" class=\"rl-gallery-link\" data-rl_caption=\"\" data-rel=\"lightbox-gallery-1\"><img loading=\"lazy\" decoding=\"async\" width=\"250\" height=\"250\" src=\"https:\/\/www.feuerwehr-florian.com\/wp-content\/uploads\/2016\/01\/20150906-6034-250x250.jpg\" class=\"attachment-thumbnail size-thumbnail\" alt=\"\" \/><\/a>\n\t\t\t<\/dt><\/dl><dl class='gallery-item'>\n\t\t\t<dt class='gallery-icon landscape'>\n\t\t\t\t<a href='https:\/\/www.feuerwehr-florian.com\/wp-content\/uploads\/2016\/01\/20150906-7723.jpg' title=\"\" data-rl_title=\"\" class=\"rl-gallery-link\" data-rl_caption=\"\" data-rel=\"lightbox-gallery-1\"><img loading=\"lazy\" decoding=\"async\" width=\"250\" height=\"250\" src=\"https:\/\/www.feuerwehr-florian.com\/wp-content\/uploads\/2016\/01\/20150906-7723-250x250.jpg\" class=\"attachment-thumbnail size-thumbnail\" alt=\"\" \/><\/a>\n\t\t\t<\/dt><\/dl><dl class='gallery-item'>\n\t\t\t<dt class='gallery-icon landscape'>\n\t\t\t\t<a href='https:\/\/www.feuerwehr-florian.com\/wp-content\/uploads\/2016\/01\/20150906-7747.jpg' title=\"\" data-rl_title=\"\" class=\"rl-gallery-link\" data-rl_caption=\"\" data-rel=\"lightbox-gallery-1\"><img loading=\"lazy\" decoding=\"async\" width=\"250\" height=\"250\" src=\"https:\/\/www.feuerwehr-florian.com\/wp-content\/uploads\/2016\/01\/20150906-7747-250x250.jpg\" class=\"attachment-thumbnail size-thumbnail\" alt=\"\" \/><\/a>\n\t\t\t<\/dt><\/dl><br style=\"clear: both\" \/><dl class='gallery-item'>\n\t\t\t<dt class='gallery-icon landscape'>\n\t\t\t\t<a href='https:\/\/www.feuerwehr-florian.com\/wp-content\/uploads\/2016\/01\/20150906-7758.jpg' title=\"\" data-rl_title=\"\" class=\"rl-gallery-link\" data-rl_caption=\"\" data-rel=\"lightbox-gallery-1\"><img loading=\"lazy\" decoding=\"async\" width=\"250\" height=\"250\" src=\"https:\/\/www.feuerwehr-florian.com\/wp-content\/uploads\/2016\/01\/20150906-7758-250x250.jpg\" class=\"attachment-thumbnail size-thumbnail\" alt=\"\" \/><\/a>\n\t\t\t<\/dt><\/dl>\n\t\t\t<br style='clear: both' \/>\n\t\t<\/div>\n\n<\/div>\n","protected":false},"excerpt":{"rendered":"<p>Anl\u00e4sslich des Jubil\u00e4ums 10 Jahre Einsatzzentrale und 25 Jahre Rotes Kreuz Dienststelle St. Florian luden die Mietglieder der Einsatzorganisationen zu einer Festveranstaltung.<\/p>\n","protected":false},"author":2,"featured_media":1149,"comment_status":"closed","ping_status":"closed","sticky":false,"template":"","format":"standard","meta":{"_jetpack_memberships_contains_paid_content":false,"footnotes":"","jetpack_publicize_message":"","jetpack_publicize_feature_enabled":true,"jetpack_social_post_already_shared":false,"jetpack_social_options":{"image_generator_settings":{"template":"highway","default_image_id":0,"font":"","enabled":false},"version":2}},"categories":[223],"tags":[5],"class_list":["post-1145","post","type-post","status-publish","format-standard","has-post-thumbnail","hentry","category-veranstaltung","tag-5"],"jetpack_publicize_connections":[],"jetpack_featured_media_url":"https:\/\/www.feuerwehr-florian.com\/wp-content\/uploads\/2016\/01\/20150906-7758.jpg","jetpack_sharing_enabled":true,"jetpack_likes_enabled":true,"_links":{"self":[{"href":"https:\/\/www.feuerwehr-florian.com\/index.php?rest_route=\/wp\/v2\/posts\/1145","targetHints":{"allow":["GET"]}}],"collection":[{"href":"https:\/\/www.feuerwehr-florian.com\/index.php?rest_route=\/wp\/v2\/posts"}],"about":[{"href":"https:\/\/www.feuerwehr-florian.com\/index.php?rest_route=\/wp\/v2\/types\/post"}],"author":[{"embeddable":true,"href":"https:\/\/www.feuerwehr-florian.com\/index.php?rest_route=\/wp\/v2\/users\/2"}],"replies":[{"embeddable":true,"href":"https:\/\/www.feuerwehr-florian.com\/index.php?rest_route=%2Fwp%2Fv2%2Fcomments&post=1145"}],"version-history":[{"count":1,"href":"https:\/\/www.feuerwehr-florian.com\/index.php?rest_route=\/wp\/v2\/posts\/1145\/revisions"}],"predecessor-version":[{"id":1150,"href":"https:\/\/www.feuerwehr-florian.com\/index.php?rest_route=\/wp\/v2\/posts\/1145\/revisions\/1150"}],"wp:featuredmedia":[{"embeddable":true,"href":"https:\/\/www.feuerwehr-florian.com\/index.php?rest_route=\/wp\/v2\/media\/1149"}],"wp:attachment":[{"href":"https:\/\/www.feuerwehr-florian.com\/index.php?rest_route=%2Fwp%2Fv2%2Fmedia&parent=1145"}],"wp:term":[{"taxonomy":"category","embeddable":true,"href":"https:\/\/www.feuerwehr-florian.com\/index.php?rest_route=%2Fwp%2Fv2%2Fcategories&post=1145"},{"taxonomy":"post_tag","embeddable":true,"href":"https:\/\/www.feuerwehr-florian.com\/index.php?rest_route=%2Fwp%2Fv2%2Ftags&post=1145"}],"curies":[{"name":"wp","href":"https:\/\/api.w.org\/{rel}","templated":true}]}}