{"id":11643,"date":"2023-12-22T01:30:06","date_gmt":"2023-12-22T00:30:06","guid":{"rendered":"https:\/\/www.feuerwehr-florian.com\/?p=11643"},"modified":"2023-12-22T01:30:06","modified_gmt":"2023-12-22T00:30:06","slug":"mehrere-baeume-ueber-strassen-im-gemeindegebiet","status":"publish","type":"post","link":"https:\/\/www.feuerwehr-florian.com\/?p=11643","title":{"rendered":"Mehrere B\u00e4ume \u00fcber Stra\u00dfen im Gemeindegebiet"},"content":{"rendered":"<p>Am 21.12.2023 zog das angek\u00fcndigte Sturmtief auch an St. Florian nicht vorbei. Mehrere Gefahrenstellen auf Stra\u00dfen mussten entfernt werden.<\/p>\n<p><!--more--><\/p>\n<p>Um 23:30 Uhr wurde die FF St. Florian zu einem Baum \u00fcber die Thann-Landesstra\u00dfe alarmiert. Im Zuge dieses Einsatzes wurden auf der Hin- und R\u00fcckfahrt weitere B\u00e4ume entdeckt, welche Stra\u00dfen blockierten oder f\u00fcr den Verkehr eine Gefahr darstellten.<\/p>\n<p>In Summe wurden f\u00fcnf B\u00e4ume entfernt und die Stra\u00dfen wieder f\u00fcr den Verkehr freigegeben.<\/p>\n<p>Im Einsatz standen 20 Mann der FF St. Florian mit zwei Fahrzeugen (KDO-A &amp; TLFA-B 2000\/200) f\u00fcr rund zwei Stunden.<\/p>\n\n\t\t<style type=\"text\/css\">\n\t\t\t#gallery-1 {\n\t\t\t\tmargin: auto;\n\t\t\t}\n\t\t\t#gallery-1 .gallery-item {\n\t\t\t\tfloat: left;\n\t\t\t\tmargin-top: 10px;\n\t\t\t\ttext-align: center;\n\t\t\t\twidth: 33%;\n\t\t\t}\n\t\t\t#gallery-1 img {\n\t\t\t\tborder: 2px solid #cfcfcf;\n\t\t\t}\n\t\t\t#gallery-1 .gallery-caption {\n\t\t\t\tmargin-left: 0;\n\t\t\t}\n\t\t\t\/* see gallery_shortcode() in wp-includes\/media.php *\/\n\t\t<\/style>\n\t\t<div id='gallery-1' class='gallery galleryid-11643 gallery-columns-3 gallery-size-thumbnail'><dl class='gallery-item'>\n\t\t\t<dt class='gallery-icon landscape'>\n\t\t\t\t<a href='https:\/\/www.feuerwehr-florian.com\/wp-content\/uploads\/2023\/12\/IMG_20231222_002334.jpg' title=\"\" data-rl_title=\"\" class=\"rl-gallery-link\" data-rl_caption=\"\" data-rel=\"lightbox-gallery-1\"><img loading=\"lazy\" decoding=\"async\" width=\"250\" height=\"250\" src=\"https:\/\/www.feuerwehr-florian.com\/wp-content\/uploads\/2023\/12\/IMG_20231222_002334-250x250.jpg\" class=\"attachment-thumbnail size-thumbnail\" alt=\"\" \/><\/a>\n\t\t\t<\/dt><\/dl><dl class='gallery-item'>\n\t\t\t<dt class='gallery-icon landscape'>\n\t\t\t\t<a href='https:\/\/www.feuerwehr-florian.com\/wp-content\/uploads\/2023\/12\/IMG_20231222_000635.jpg' title=\"\" data-rl_title=\"\" class=\"rl-gallery-link\" data-rl_caption=\"\" data-rel=\"lightbox-gallery-1\"><img loading=\"lazy\" decoding=\"async\" width=\"250\" height=\"250\" src=\"https:\/\/www.feuerwehr-florian.com\/wp-content\/uploads\/2023\/12\/IMG_20231222_000635-250x250.jpg\" class=\"attachment-thumbnail size-thumbnail\" alt=\"\" \/><\/a>\n\t\t\t<\/dt><\/dl>\n\t\t\t<br style='clear: both' \/>\n\t\t<\/div>\n\n","protected":false},"excerpt":{"rendered":"<p>Am 21.12.2023 zog das angek\u00fcndigte Sturmtief auch an St. Florian nicht vorbei. Mehrere Gefahrenstellen auf Stra\u00dfen mussten entfernt werden.<\/p>\n","protected":false},"author":8,"featured_media":11644,"comment_status":"closed","ping_status":"open","sticky":false,"template":"","format":"standard","meta":{"_jetpack_memberships_contains_paid_content":false,"footnotes":"","jetpack_publicize_message":"","jetpack_publicize_feature_enabled":true,"jetpack_social_post_already_shared":true,"jetpack_social_options":{"image_generator_settings":{"template":"highway","default_image_id":0,"font":"","enabled":false},"version":2}},"categories":[231],"tags":[15,207,8],"class_list":["post-11643","post","type-post","status-publish","format-standard","has-post-thumbnail","hentry","category-231","tag-baum-ueber-strasse","tag-te","tag-technischer-einsatz"],"jetpack_publicize_connections":[],"jetpack_featured_media_url":"https:\/\/www.feuerwehr-florian.com\/wp-content\/uploads\/2023\/12\/IMG_20231222_000635.jpg","jetpack_sharing_enabled":true,"jetpack_likes_enabled":true,"_links":{"self":[{"href":"https:\/\/www.feuerwehr-florian.com\/index.php?rest_route=\/wp\/v2\/posts\/11643","targetHints":{"allow":["GET"]}}],"collection":[{"href":"https:\/\/www.feuerwehr-florian.com\/index.php?rest_route=\/wp\/v2\/posts"}],"about":[{"href":"https:\/\/www.feuerwehr-florian.com\/index.php?rest_route=\/wp\/v2\/types\/post"}],"author":[{"embeddable":true,"href":"https:\/\/www.feuerwehr-florian.com\/index.php?rest_route=\/wp\/v2\/users\/8"}],"replies":[{"embeddable":true,"href":"https:\/\/www.feuerwehr-florian.com\/index.php?rest_route=%2Fwp%2Fv2%2Fcomments&post=11643"}],"version-history":[{"count":1,"href":"https:\/\/www.feuerwehr-florian.com\/index.php?rest_route=\/wp\/v2\/posts\/11643\/revisions"}],"predecessor-version":[{"id":11648,"href":"https:\/\/www.feuerwehr-florian.com\/index.php?rest_route=\/wp\/v2\/posts\/11643\/revisions\/11648"}],"wp:featuredmedia":[{"embeddable":true,"href":"https:\/\/www.feuerwehr-florian.com\/index.php?rest_route=\/wp\/v2\/media\/11644"}],"wp:attachment":[{"href":"https:\/\/www.feuerwehr-florian.com\/index.php?rest_route=%2Fwp%2Fv2%2Fmedia&parent=11643"}],"wp:term":[{"taxonomy":"category","embeddable":true,"href":"https:\/\/www.feuerwehr-florian.com\/index.php?rest_route=%2Fwp%2Fv2%2Fcategories&post=11643"},{"taxonomy":"post_tag","embeddable":true,"href":"https:\/\/www.feuerwehr-florian.com\/index.php?rest_route=%2Fwp%2Fv2%2Ftags&post=11643"}],"curies":[{"name":"wp","href":"https:\/\/api.w.org\/{rel}","templated":true}]}}