{"id":12074,"date":"2024-09-15T13:55:39","date_gmt":"2024-09-15T11:55:39","guid":{"rendered":"https:\/\/www.feuerwehr-florian.com\/?p=12074"},"modified":"2024-09-15T14:27:10","modified_gmt":"2024-09-15T12:27:10","slug":"starkregen-in-oesterreich-situation-in-st-florian","status":"publish","type":"post","link":"https:\/\/www.feuerwehr-florian.com\/?p=12074","title":{"rendered":"Starkregen in \u00d6sterreich &#8211; Situation in St. Florian"},"content":{"rendered":"<p>Trotz des immer noch andauernden Dauerregens (seit Donnerstag sind ca. 200 l\/m\u00b2 gefallen) blieb St. Florian bis jetzt von einem Hochwasser weitestgehend verschont. Einige kleinere Eins\u00e4tze konnten von der Feuerwehr St. Florian rasch abgearbeitet werden.<\/p>\n<p><!--more--><\/p>\n<p>Bereits seit Freitag beobachten und vermessen unsere Kameraden in zyklischen Abst\u00e4nden an verschiedenen Stellen die Pegelst\u00e4nde des Ipfbachs. Mithilfe unseres Hochwasser-Alarmplans, in den verschiedene Ist-Pegelst\u00e4nde des Ipfbachs, Prognosen \u00fcber zu erwartende Niederschlagsmengen und Erfahrungen aus vergangenen Starkregen-Ereignissen einflie\u00dfen, sind wir fr\u00fchzeitig in der Lage, Handlungsempfehlungen f\u00fcr die Bev\u00f6lkerung und Ma\u00dfnahmen f\u00fcr die Einsatzkr\u00e4fte abzuleiten. Erg\u00e4nzend dazu sind wir laufend in enger Abstimmung mit dem B\u00fcrgermeister und dem Bauhof.<\/p>\n<p>Aufgrund der prognostizierten Regenmengen wurde bereits am Freitag technisches Equipment in den Sportpark verlagert, da es erfahrungsgem\u00e4\u00df dort zum ersten \u00dcberlauf des Ipfbachs kommt. Am Samstag Vormittag wurde dann auch noch der station\u00e4re Hochwasserschutz installiert, um das Sportpark-Geb\u00e4ude zu sch\u00fctzen.<\/p>\n<p>Im Laufe des Samstags intensivierte sich der Regen und die Lage spitzte sich zu. Am Samstag-Abend wurden dann auch mehrere kleiner Eins\u00e4tze abgearbeitet (Verklausungen, Wassereintritt bei einem Dachboden, verstopfte Sickersch\u00e4chte&#8230;)<br \/>\nDer Pegelstand erreichte in der Nacht von Samstag auf Sonntag mit 247 cm seinen H\u00f6chststand und blieb somit trotz gr\u00f6\u00dferer Regenmenge deutlich (um einen halben Meter) unter der Marke des Hochwassers im Fr\u00fchjahr 2023. Dies d\u00fcrfte vor allem dem sehr aufnahmef\u00e4higen Boden zu verdanken sein. Die Regenpause in den fr\u00fchen Morgenstunden des Sonntags lies die Pegelst\u00e4nde wieder deutlich sinken.<\/p>\n<p>Trotz der aktuell wieder steigenden Pegel und der noch vorhergesagten Niederschlagsmengen f\u00fcr heute und die n\u00e4chsten Tage gehen wir aktuell davon aus, dass es zu keinen gr\u00f6\u00dferen Sch\u00e4den mehr kommen wird.<\/p>\n<p>&nbsp;<\/p>\n","protected":false},"excerpt":{"rendered":"<p>Trotz des immer noch andauernden Dauerregens (seit Donnerstag sind ca. 200 l\/m\u00b2 gefallen) blieb St. Florian bis jetzt von einem Hochwasser weitestgehend verschont. Einige kleinere Eins\u00e4tze konnten von der Feuerwehr St. Florian rasch abgearbeitet werden.<\/p>\n","protected":false},"author":11,"featured_media":5925,"comment_status":"closed","ping_status":"open","sticky":false,"template":"","format":"standard","meta":{"_jetpack_memberships_contains_paid_content":false,"footnotes":"","jetpack_publicize_message":"","jetpack_publicize_feature_enabled":true,"jetpack_social_post_already_shared":true,"jetpack_social_options":{"image_generator_settings":{"template":"highway","default_image_id":0,"font":"","enabled":false},"version":2}},"categories":[263,22],"tags":[],"class_list":["post-12074","post","type-post","status-publish","format-standard","has-post-thumbnail","hentry","category-2024-2","category-einsaetze"],"jetpack_publicize_connections":[],"jetpack_featured_media_url":"https:\/\/www.feuerwehr-florian.com\/wp-content\/uploads\/2016\/10\/Symbolfoto2.jpg","jetpack_sharing_enabled":true,"jetpack_likes_enabled":true,"_links":{"self":[{"href":"https:\/\/www.feuerwehr-florian.com\/index.php?rest_route=\/wp\/v2\/posts\/12074","targetHints":{"allow":["GET"]}}],"collection":[{"href":"https:\/\/www.feuerwehr-florian.com\/index.php?rest_route=\/wp\/v2\/posts"}],"about":[{"href":"https:\/\/www.feuerwehr-florian.com\/index.php?rest_route=\/wp\/v2\/types\/post"}],"author":[{"embeddable":true,"href":"https:\/\/www.feuerwehr-florian.com\/index.php?rest_route=\/wp\/v2\/users\/11"}],"replies":[{"embeddable":true,"href":"https:\/\/www.feuerwehr-florian.com\/index.php?rest_route=%2Fwp%2Fv2%2Fcomments&post=12074"}],"version-history":[{"count":6,"href":"https:\/\/www.feuerwehr-florian.com\/index.php?rest_route=\/wp\/v2\/posts\/12074\/revisions"}],"predecessor-version":[{"id":12080,"href":"https:\/\/www.feuerwehr-florian.com\/index.php?rest_route=\/wp\/v2\/posts\/12074\/revisions\/12080"}],"wp:featuredmedia":[{"embeddable":true,"href":"https:\/\/www.feuerwehr-florian.com\/index.php?rest_route=\/wp\/v2\/media\/5925"}],"wp:attachment":[{"href":"https:\/\/www.feuerwehr-florian.com\/index.php?rest_route=%2Fwp%2Fv2%2Fmedia&parent=12074"}],"wp:term":[{"taxonomy":"category","embeddable":true,"href":"https:\/\/www.feuerwehr-florian.com\/index.php?rest_route=%2Fwp%2Fv2%2Fcategories&post=12074"},{"taxonomy":"post_tag","embeddable":true,"href":"https:\/\/www.feuerwehr-florian.com\/index.php?rest_route=%2Fwp%2Fv2%2Ftags&post=12074"}],"curies":[{"name":"wp","href":"https:\/\/api.w.org\/{rel}","templated":true}]}}