{"id":12085,"date":"2024-09-27T12:53:09","date_gmt":"2024-09-27T10:53:09","guid":{"rendered":"https:\/\/www.feuerwehr-florian.com\/?p=12085"},"modified":"2024-09-27T14:30:01","modified_gmt":"2024-09-27T12:30:01","slug":"zwei-einsaetze-innerhalb-kuerzester-zeit-auf-der-autobahn-a1-fahrtrichtung-wien","status":"publish","type":"post","link":"https:\/\/www.feuerwehr-florian.com\/?p=12085","title":{"rendered":"Zwei Eins\u00e4tze innerhalb k\u00fcrzester Zeit auf der Autobahn A1 Fahrtrichtung Wien"},"content":{"rendered":"<p>Am Donnerstag, den 26. September, wurde die FF St. Florian gemeinsam mit den Feuerwehren aus Ebelsberg und Rohrbach um 17:10 Uhr auf die Autobahn A1 zu einem Verkehrsunfall mit mehreren verletzten Personen alarmiert. Bereits 1,5 Stunden zuvor wurden wir mit dem Alarmstichwort &#8222;Brand LKW&#8220; ebenfalls auf die Autobahn A1 gerufen.<\/p>\n<p><!--more--><\/p>\n<p>Beim ersten Einsatz entpuppte sich der vermeintliche LKW-Brand nur als technischer Defekt &#8211; es war kein Eingreifen der Feuerwehr erforderlich. Der Einsatz war nach ca. 40 Minuten wieder beendet.<\/p>\n<p>Der Verkehrsunfall rund 1,5 Stunden sp\u00e4ter hatte jedoch gr\u00f6\u00dfere Auswirkungen. Insgesamt waren drei Fahrzeuge an dem Unfall beteiligt, wobei ein Fahrzeug in Seitenlage zum Liegen kam. Mehrere Personen wurden dabei verletzt. Zum Gl\u00fcck wurden jedoch keine Personen in den Fahrzeugen eingeklemmt.<\/p>\n<p>Bei diesem Einsatz standen 21 Mitglieder der FF St. Florian f\u00fcr knapp 2 Stunden im Einsatz.<\/p>\n\n\t\t<style type=\"text\/css\">\n\t\t\t#gallery-1 {\n\t\t\t\tmargin: auto;\n\t\t\t}\n\t\t\t#gallery-1 .gallery-item {\n\t\t\t\tfloat: left;\n\t\t\t\tmargin-top: 10px;\n\t\t\t\ttext-align: center;\n\t\t\t\twidth: 33%;\n\t\t\t}\n\t\t\t#gallery-1 img {\n\t\t\t\tborder: 2px solid #cfcfcf;\n\t\t\t}\n\t\t\t#gallery-1 .gallery-caption {\n\t\t\t\tmargin-left: 0;\n\t\t\t}\n\t\t\t\/* see gallery_shortcode() in wp-includes\/media.php *\/\n\t\t<\/style>\n\t\t<div id='gallery-1' class='gallery galleryid-12085 gallery-columns-3 gallery-size-thumbnail'><dl class='gallery-item'>\n\t\t\t<dt class='gallery-icon landscape'>\n\t\t\t\t<a href='https:\/\/www.feuerwehr-florian.com\/wp-content\/uploads\/2024\/09\/IMG_6089.jpeg' title=\"\" data-rl_title=\"\" class=\"rl-gallery-link\" data-rl_caption=\"\" data-rel=\"lightbox-gallery-1\"><img loading=\"lazy\" decoding=\"async\" width=\"250\" height=\"250\" src=\"https:\/\/www.feuerwehr-florian.com\/wp-content\/uploads\/2024\/09\/IMG_6089-250x250.jpeg\" class=\"attachment-thumbnail size-thumbnail\" alt=\"\" \/><\/a>\n\t\t\t<\/dt><\/dl><dl class='gallery-item'>\n\t\t\t<dt class='gallery-icon landscape'>\n\t\t\t\t<a href='https:\/\/www.feuerwehr-florian.com\/wp-content\/uploads\/2024\/09\/IMG_6092.jpeg' title=\"\" data-rl_title=\"\" class=\"rl-gallery-link\" data-rl_caption=\"\" data-rel=\"lightbox-gallery-1\"><img loading=\"lazy\" decoding=\"async\" width=\"250\" height=\"250\" src=\"https:\/\/www.feuerwehr-florian.com\/wp-content\/uploads\/2024\/09\/IMG_6092-250x250.jpeg\" class=\"attachment-thumbnail size-thumbnail\" alt=\"\" \/><\/a>\n\t\t\t<\/dt><\/dl><dl class='gallery-item'>\n\t\t\t<dt class='gallery-icon portrait'>\n\t\t\t\t<a href='https:\/\/www.feuerwehr-florian.com\/wp-content\/uploads\/2024\/09\/IMG_6097.jpeg' title=\"\" data-rl_title=\"\" class=\"rl-gallery-link\" data-rl_caption=\"\" data-rel=\"lightbox-gallery-1\"><img loading=\"lazy\" decoding=\"async\" width=\"250\" height=\"250\" src=\"https:\/\/www.feuerwehr-florian.com\/wp-content\/uploads\/2024\/09\/IMG_6097-250x250.jpeg\" class=\"attachment-thumbnail size-thumbnail\" alt=\"\" \/><\/a>\n\t\t\t<\/dt><\/dl><br style=\"clear: both\" \/>\n\t\t<\/div>\n\n","protected":false},"excerpt":{"rendered":"<p>Am Donnerstag, den 26. September, wurde die FF St. Florian gemeinsam mit den Feuerwehren aus Ebelsberg und Rohrbach um 17:10 Uhr auf die Autobahn A1 zu einem Verkehrsunfall mit mehreren verletzten Personen alarmiert. Bereits 1,5 Stunden zuvor wurden wir mit dem Alarmstichwort &#8222;Brand LKW&#8220; ebenfalls auf die Autobahn A1 gerufen.<\/p>\n","protected":false},"author":11,"featured_media":12089,"comment_status":"closed","ping_status":"open","sticky":false,"template":"","format":"standard","meta":{"_jetpack_memberships_contains_paid_content":false,"footnotes":"","jetpack_publicize_message":"","jetpack_publicize_feature_enabled":true,"jetpack_social_post_already_shared":true,"jetpack_social_options":{"image_generator_settings":{"template":"highway","default_image_id":0,"font":"","enabled":false},"version":2}},"categories":[263,22],"tags":[],"class_list":["post-12085","post","type-post","status-publish","format-standard","has-post-thumbnail","hentry","category-2024-2","category-einsaetze"],"jetpack_publicize_connections":[],"jetpack_featured_media_url":"https:\/\/www.feuerwehr-florian.com\/wp-content\/uploads\/2024\/09\/IMG_6092.jpeg","jetpack_sharing_enabled":true,"jetpack_likes_enabled":true,"_links":{"self":[{"href":"https:\/\/www.feuerwehr-florian.com\/index.php?rest_route=\/wp\/v2\/posts\/12085","targetHints":{"allow":["GET"]}}],"collection":[{"href":"https:\/\/www.feuerwehr-florian.com\/index.php?rest_route=\/wp\/v2\/posts"}],"about":[{"href":"https:\/\/www.feuerwehr-florian.com\/index.php?rest_route=\/wp\/v2\/types\/post"}],"author":[{"embeddable":true,"href":"https:\/\/www.feuerwehr-florian.com\/index.php?rest_route=\/wp\/v2\/users\/11"}],"replies":[{"embeddable":true,"href":"https:\/\/www.feuerwehr-florian.com\/index.php?rest_route=%2Fwp%2Fv2%2Fcomments&post=12085"}],"version-history":[{"count":5,"href":"https:\/\/www.feuerwehr-florian.com\/index.php?rest_route=\/wp\/v2\/posts\/12085\/revisions"}],"predecessor-version":[{"id":12094,"href":"https:\/\/www.feuerwehr-florian.com\/index.php?rest_route=\/wp\/v2\/posts\/12085\/revisions\/12094"}],"wp:featuredmedia":[{"embeddable":true,"href":"https:\/\/www.feuerwehr-florian.com\/index.php?rest_route=\/wp\/v2\/media\/12089"}],"wp:attachment":[{"href":"https:\/\/www.feuerwehr-florian.com\/index.php?rest_route=%2Fwp%2Fv2%2Fmedia&parent=12085"}],"wp:term":[{"taxonomy":"category","embeddable":true,"href":"https:\/\/www.feuerwehr-florian.com\/index.php?rest_route=%2Fwp%2Fv2%2Fcategories&post=12085"},{"taxonomy":"post_tag","embeddable":true,"href":"https:\/\/www.feuerwehr-florian.com\/index.php?rest_route=%2Fwp%2Fv2%2Ftags&post=12085"}],"curies":[{"name":"wp","href":"https:\/\/api.w.org\/{rel}","templated":true}]}}