{"id":12186,"date":"2025-01-02T10:49:37","date_gmt":"2025-01-02T09:49:37","guid":{"rendered":"https:\/\/www.feuerwehr-florian.com\/?p=12186"},"modified":"2025-01-02T10:49:37","modified_gmt":"2025-01-02T09:49:37","slug":"brandmeldealarm-im-gewerbegebiet-5","status":"publish","type":"post","link":"https:\/\/www.feuerwehr-florian.com\/?p=12186","title":{"rendered":"Brandmeldealarm im Gewerbegebiet"},"content":{"rendered":"<p>In den Abendstunden des 1. J\u00e4nner wurde die FF St. Florian gemeinsam mit der FF Bruck-Hausleiten zu einem Brandmeldealarm in das Gewerbegebiet in Samesleiten alarmiert.<\/p>\n<p><!--more--><\/p>\n<p>Die beiden laut Meldergruppenverzeichnis betroffenen Linearmelder befanden sich in einer Ladezone unter einem Vordach. Vor Ort konnte bei der sorgf\u00e4ltigen Erkundung jedoch kein Brand festgestellt werden. Es liegt die Vermutung nahe, dass die Linearmelder aufgrund des dichten Nebels ausgel\u00f6st haben. Genau den gleichen Einsatz an gleicher Ort und Stelle hatten wir \u00fcbrigens auch im Jahr 2023 &#8211; auch am 1. J\u00e4nner.<\/p>\n<p>Im Einsatz standen 23 Mitglieder f\u00fcr 45 Minuten.<\/p>\n\n\t\t<style type=\"text\/css\">\n\t\t\t#gallery-1 {\n\t\t\t\tmargin: auto;\n\t\t\t}\n\t\t\t#gallery-1 .gallery-item {\n\t\t\t\tfloat: left;\n\t\t\t\tmargin-top: 10px;\n\t\t\t\ttext-align: center;\n\t\t\t\twidth: 33%;\n\t\t\t}\n\t\t\t#gallery-1 img {\n\t\t\t\tborder: 2px solid #cfcfcf;\n\t\t\t}\n\t\t\t#gallery-1 .gallery-caption {\n\t\t\t\tmargin-left: 0;\n\t\t\t}\n\t\t\t\/* see gallery_shortcode() in wp-includes\/media.php *\/\n\t\t<\/style>\n\t\t<div id='gallery-1' class='gallery galleryid-12186 gallery-columns-3 gallery-size-thumbnail'><dl class='gallery-item'>\n\t\t\t<dt class='gallery-icon portrait'>\n\t\t\t\t<a href='https:\/\/www.feuerwehr-florian.com\/wp-content\/uploads\/2025\/01\/IMG_7313.jpeg' title=\"\" data-rl_title=\"\" class=\"rl-gallery-link\" data-rl_caption=\"\" data-rel=\"lightbox-gallery-1\"><img loading=\"lazy\" decoding=\"async\" width=\"250\" height=\"250\" src=\"https:\/\/www.feuerwehr-florian.com\/wp-content\/uploads\/2025\/01\/IMG_7313-250x250.jpeg\" class=\"attachment-thumbnail size-thumbnail\" alt=\"\" \/><\/a>\n\t\t\t<\/dt><\/dl>\n\t\t\t<br style='clear: both' \/>\n\t\t<\/div>\n\n","protected":false},"excerpt":{"rendered":"<p>In den Abendstunden des 1. J\u00e4nner wurde die FF St. Florian gemeinsam mit der FF Bruck-Hausleiten zu einem Brandmeldealarm in das Gewerbegebiet in Samesleiten alarmiert.<\/p>\n","protected":false},"author":11,"featured_media":12187,"comment_status":"closed","ping_status":"open","sticky":false,"template":"","format":"standard","meta":{"_jetpack_memberships_contains_paid_content":false,"footnotes":"","jetpack_publicize_message":"","jetpack_publicize_feature_enabled":true,"jetpack_social_post_already_shared":true,"jetpack_social_options":{"image_generator_settings":{"template":"highway","default_image_id":0,"font":"","enabled":false},"version":2}},"categories":[279,22],"tags":[16],"class_list":["post-12186","post","type-post","status-publish","format-standard","has-post-thumbnail","hentry","category-279","category-einsaetze","tag-brandmeldealarm"],"jetpack_publicize_connections":[],"jetpack_featured_media_url":"https:\/\/www.feuerwehr-florian.com\/wp-content\/uploads\/2025\/01\/IMG_7313.jpeg","jetpack_sharing_enabled":true,"jetpack_likes_enabled":true,"_links":{"self":[{"href":"https:\/\/www.feuerwehr-florian.com\/index.php?rest_route=\/wp\/v2\/posts\/12186","targetHints":{"allow":["GET"]}}],"collection":[{"href":"https:\/\/www.feuerwehr-florian.com\/index.php?rest_route=\/wp\/v2\/posts"}],"about":[{"href":"https:\/\/www.feuerwehr-florian.com\/index.php?rest_route=\/wp\/v2\/types\/post"}],"author":[{"embeddable":true,"href":"https:\/\/www.feuerwehr-florian.com\/index.php?rest_route=\/wp\/v2\/users\/11"}],"replies":[{"embeddable":true,"href":"https:\/\/www.feuerwehr-florian.com\/index.php?rest_route=%2Fwp%2Fv2%2Fcomments&post=12186"}],"version-history":[{"count":2,"href":"https:\/\/www.feuerwehr-florian.com\/index.php?rest_route=\/wp\/v2\/posts\/12186\/revisions"}],"predecessor-version":[{"id":12189,"href":"https:\/\/www.feuerwehr-florian.com\/index.php?rest_route=\/wp\/v2\/posts\/12186\/revisions\/12189"}],"wp:featuredmedia":[{"embeddable":true,"href":"https:\/\/www.feuerwehr-florian.com\/index.php?rest_route=\/wp\/v2\/media\/12187"}],"wp:attachment":[{"href":"https:\/\/www.feuerwehr-florian.com\/index.php?rest_route=%2Fwp%2Fv2%2Fmedia&parent=12186"}],"wp:term":[{"taxonomy":"category","embeddable":true,"href":"https:\/\/www.feuerwehr-florian.com\/index.php?rest_route=%2Fwp%2Fv2%2Fcategories&post=12186"},{"taxonomy":"post_tag","embeddable":true,"href":"https:\/\/www.feuerwehr-florian.com\/index.php?rest_route=%2Fwp%2Fv2%2Ftags&post=12186"}],"curies":[{"name":"wp","href":"https:\/\/api.w.org\/{rel}","templated":true}]}}