{"id":12261,"date":"2025-01-16T22:50:47","date_gmt":"2025-01-16T21:50:47","guid":{"rendered":"https:\/\/www.feuerwehr-florian.com\/?p=12261"},"modified":"2025-01-16T22:50:47","modified_gmt":"2025-01-16T21:50:47","slug":"zwei-einsaetze-zur-gleichen-zeit","status":"publish","type":"post","link":"https:\/\/www.feuerwehr-florian.com\/?p=12261","title":{"rendered":"Zwei Eins\u00e4tze zur gleichen Zeit"},"content":{"rendered":"<p>Am 16. J\u00e4nner um 08:38 Uhr wurde die FF St. Florian telefonisch von der Gemeinde zu einer \u00d6lspur gerufen. Noch w\u00e4hrend der Arbeiten bei der \u00d6lspur erfolgte die Sirenen-Alarmierung zu einem Brandmeldealarm im Gewerbegebiet im Astenfeld.<\/p>\n<p><!--more--><\/p>\n<p>Die \u00d6lspur fand bei der Eni Tankstelle seinen Ausgang und zog sich entlang der Taunleitner Stra\u00dfe bis nach Taunleiten. Das ausgetretene \u00d6l wurde mithilfe von mehreren S\u00e4cken \u00d6lbindemittel von der Fahrbahn entfernt. Ein Verursacher konnte nicht festgestellt werden.<\/p>\n<p>Beim gleichzeitig auftretenden Brandmeldealarm handelte es sich um einen T\u00e4uschungsalarm. Bei Bauarbeiten in einem Betrieb im Astenfeld l\u00f6ste der Staub einen Brandmelder aus. Ein Eingreifen der Feuerwehr war nicht erforderlich.<\/p>\n<p>Im Einsatz standen 10 Kameraden f\u00fcr ca. 2 Stunden.<\/p>\n\n\t\t<style type=\"text\/css\">\n\t\t\t#gallery-1 {\n\t\t\t\tmargin: auto;\n\t\t\t}\n\t\t\t#gallery-1 .gallery-item {\n\t\t\t\tfloat: left;\n\t\t\t\tmargin-top: 10px;\n\t\t\t\ttext-align: center;\n\t\t\t\twidth: 33%;\n\t\t\t}\n\t\t\t#gallery-1 img {\n\t\t\t\tborder: 2px solid #cfcfcf;\n\t\t\t}\n\t\t\t#gallery-1 .gallery-caption {\n\t\t\t\tmargin-left: 0;\n\t\t\t}\n\t\t\t\/* see gallery_shortcode() in wp-includes\/media.php *\/\n\t\t<\/style>\n\t\t<div id='gallery-1' class='gallery galleryid-12261 gallery-columns-3 gallery-size-thumbnail'><dl class='gallery-item'>\n\t\t\t<dt class='gallery-icon portrait'>\n\t\t\t\t<a href='https:\/\/www.feuerwehr-florian.com\/wp-content\/uploads\/2025\/01\/IMG_20250116_094532.jpg' title=\"\" data-rl_title=\"\" class=\"rl-gallery-link\" data-rl_caption=\"\" data-rel=\"lightbox-gallery-1\"><img loading=\"lazy\" decoding=\"async\" width=\"250\" height=\"250\" src=\"https:\/\/www.feuerwehr-florian.com\/wp-content\/uploads\/2025\/01\/IMG_20250116_094532-250x250.jpg\" class=\"attachment-thumbnail size-thumbnail\" alt=\"\" \/><\/a>\n\t\t\t<\/dt><\/dl>\n\t\t\t<br style='clear: both' \/>\n\t\t<\/div>\n\n","protected":false},"excerpt":{"rendered":"<p>Am 16. J\u00e4nner um 08:38 Uhr wurde die FF St. Florian telefonisch von der Gemeinde zu einer \u00d6lspur gerufen. Noch w\u00e4hrend der Arbeiten bei der \u00d6lspur erfolgte die Sirenen-Alarmierung zu einem Brandmeldealarm im Gewerbegebiet im Astenfeld.<\/p>\n","protected":false},"author":11,"featured_media":12263,"comment_status":"closed","ping_status":"open","sticky":false,"template":"","format":"standard","meta":{"_jetpack_memberships_contains_paid_content":false,"footnotes":"","jetpack_publicize_message":"","jetpack_publicize_feature_enabled":true,"jetpack_social_post_already_shared":true,"jetpack_social_options":{"image_generator_settings":{"template":"highway","default_image_id":0,"font":"","enabled":false},"version":2}},"categories":[279,22],"tags":[],"class_list":["post-12261","post","type-post","status-publish","format-standard","has-post-thumbnail","hentry","category-279","category-einsaetze"],"jetpack_publicize_connections":[],"jetpack_featured_media_url":"https:\/\/www.feuerwehr-florian.com\/wp-content\/uploads\/2025\/01\/IMG_20250116_094532.jpg","jetpack_sharing_enabled":true,"jetpack_likes_enabled":true,"_links":{"self":[{"href":"https:\/\/www.feuerwehr-florian.com\/index.php?rest_route=\/wp\/v2\/posts\/12261","targetHints":{"allow":["GET"]}}],"collection":[{"href":"https:\/\/www.feuerwehr-florian.com\/index.php?rest_route=\/wp\/v2\/posts"}],"about":[{"href":"https:\/\/www.feuerwehr-florian.com\/index.php?rest_route=\/wp\/v2\/types\/post"}],"author":[{"embeddable":true,"href":"https:\/\/www.feuerwehr-florian.com\/index.php?rest_route=\/wp\/v2\/users\/11"}],"replies":[{"embeddable":true,"href":"https:\/\/www.feuerwehr-florian.com\/index.php?rest_route=%2Fwp%2Fv2%2Fcomments&post=12261"}],"version-history":[{"count":3,"href":"https:\/\/www.feuerwehr-florian.com\/index.php?rest_route=\/wp\/v2\/posts\/12261\/revisions"}],"predecessor-version":[{"id":12265,"href":"https:\/\/www.feuerwehr-florian.com\/index.php?rest_route=\/wp\/v2\/posts\/12261\/revisions\/12265"}],"wp:featuredmedia":[{"embeddable":true,"href":"https:\/\/www.feuerwehr-florian.com\/index.php?rest_route=\/wp\/v2\/media\/12263"}],"wp:attachment":[{"href":"https:\/\/www.feuerwehr-florian.com\/index.php?rest_route=%2Fwp%2Fv2%2Fmedia&parent=12261"}],"wp:term":[{"taxonomy":"category","embeddable":true,"href":"https:\/\/www.feuerwehr-florian.com\/index.php?rest_route=%2Fwp%2Fv2%2Fcategories&post=12261"},{"taxonomy":"post_tag","embeddable":true,"href":"https:\/\/www.feuerwehr-florian.com\/index.php?rest_route=%2Fwp%2Fv2%2Ftags&post=12261"}],"curies":[{"name":"wp","href":"https:\/\/api.w.org\/{rel}","templated":true}]}}