{"id":12460,"date":"2025-04-15T21:21:13","date_gmt":"2025-04-15T19:21:13","guid":{"rendered":"https:\/\/www.feuerwehr-florian.com\/?p=12460"},"modified":"2025-04-15T21:21:13","modified_gmt":"2025-04-15T19:21:13","slug":"abschluss-der-grundausbildung","status":"publish","type":"post","link":"https:\/\/www.feuerwehr-florian.com\/?p=12460","title":{"rendered":"Abschluss der Grundausbildung"},"content":{"rendered":"<p>Am Samstag, den 12. April, absolvierte Kamerad Alexander Reininger erfolgreich die Grundausbildung. Nach der \u00dcbernahme aus der Jugendfeuerwehr in den Aktivstand war das der n\u00e4chste gro\u00dfe Schritt in Richtung Einsatzdienst.<\/p>\n<p><!--more--><\/p>\n<p>In den vergangenen Wochen und Monaten wurden unz\u00e4hlige Stunden in die Vorbereitung f\u00fcr die Ausbildung gesteckt. \u00dcber 70 Unterrichtseinheiten wurden im Rahmen der Vorbereitung abgehalten. Die Inhalte reichen von Gefahrenlehre \u00fcber Unfallverh\u00fctung und Brand- und L\u00f6schlehre bis hin zu Ger\u00e4te- und Fahrzeugkunde. An diesem Wochenende musste dann das erlernte theoretische Wissen und praktische K\u00f6nnen unter Beweis gestellt werden.<\/p>\n<p>Wir w\u00fcnschen Alexander Reininger alles Gute f\u00fcr seine weitere Feuerwehrlaufbahn in St. Florian. Ein herzliches Dankesch\u00f6n auch an die feuerwehrinternen Ausbildner.<\/p>\n\n\t\t<style type=\"text\/css\">\n\t\t\t#gallery-1 {\n\t\t\t\tmargin: auto;\n\t\t\t}\n\t\t\t#gallery-1 .gallery-item {\n\t\t\t\tfloat: left;\n\t\t\t\tmargin-top: 10px;\n\t\t\t\ttext-align: center;\n\t\t\t\twidth: 33%;\n\t\t\t}\n\t\t\t#gallery-1 img {\n\t\t\t\tborder: 2px solid #cfcfcf;\n\t\t\t}\n\t\t\t#gallery-1 .gallery-caption {\n\t\t\t\tmargin-left: 0;\n\t\t\t}\n\t\t\t\/* see gallery_shortcode() in wp-includes\/media.php *\/\n\t\t<\/style>\n\t\t<div id='gallery-1' class='gallery galleryid-12460 gallery-columns-3 gallery-size-thumbnail'><dl class='gallery-item'>\n\t\t\t<dt class='gallery-icon landscape'>\n\t\t\t\t<a href='https:\/\/www.feuerwehr-florian.com\/wp-content\/uploads\/2025\/04\/54451193394_e6fec7f3d5_o.jpg' title=\"\" data-rl_title=\"\" class=\"rl-gallery-link\" data-rl_caption=\"\" data-rel=\"lightbox-gallery-1\"><img loading=\"lazy\" decoding=\"async\" width=\"250\" height=\"250\" src=\"https:\/\/www.feuerwehr-florian.com\/wp-content\/uploads\/2025\/04\/54451193394_e6fec7f3d5_o-250x250.jpg\" class=\"attachment-thumbnail size-thumbnail\" alt=\"\" \/><\/a>\n\t\t\t<\/dt><\/dl>\n\t\t\t<br style='clear: both' \/>\n\t\t<\/div>\n\n","protected":false},"excerpt":{"rendered":"<p>Am Samstag, den 12. April, absolvierte Kamerad Alexander Reininger erfolgreich die Grundausbildung. Nach der \u00dcbernahme aus der Jugendfeuerwehr in den Aktivstand war das der n\u00e4chste gro\u00dfe Schritt in Richtung Einsatzdienst.<\/p>\n","protected":false},"author":11,"featured_media":12462,"comment_status":"closed","ping_status":"open","sticky":false,"template":"","format":"standard","meta":{"_jetpack_memberships_contains_paid_content":false,"footnotes":"","jetpack_publicize_message":"","jetpack_publicize_feature_enabled":true,"jetpack_social_post_already_shared":true,"jetpack_social_options":{"image_generator_settings":{"template":"highway","default_image_id":0,"font":"","enabled":false},"version":2}},"categories":[279,74],"tags":[],"class_list":["post-12460","post","type-post","status-publish","format-standard","has-post-thumbnail","hentry","category-279","category-uebungen-ausbildungen"],"jetpack_publicize_connections":[],"jetpack_featured_media_url":"https:\/\/www.feuerwehr-florian.com\/wp-content\/uploads\/2025\/04\/54451193394_e6fec7f3d5_o.jpg","jetpack_sharing_enabled":true,"jetpack_likes_enabled":true,"_links":{"self":[{"href":"https:\/\/www.feuerwehr-florian.com\/index.php?rest_route=\/wp\/v2\/posts\/12460","targetHints":{"allow":["GET"]}}],"collection":[{"href":"https:\/\/www.feuerwehr-florian.com\/index.php?rest_route=\/wp\/v2\/posts"}],"about":[{"href":"https:\/\/www.feuerwehr-florian.com\/index.php?rest_route=\/wp\/v2\/types\/post"}],"author":[{"embeddable":true,"href":"https:\/\/www.feuerwehr-florian.com\/index.php?rest_route=\/wp\/v2\/users\/11"}],"replies":[{"embeddable":true,"href":"https:\/\/www.feuerwehr-florian.com\/index.php?rest_route=%2Fwp%2Fv2%2Fcomments&post=12460"}],"version-history":[{"count":2,"href":"https:\/\/www.feuerwehr-florian.com\/index.php?rest_route=\/wp\/v2\/posts\/12460\/revisions"}],"predecessor-version":[{"id":12463,"href":"https:\/\/www.feuerwehr-florian.com\/index.php?rest_route=\/wp\/v2\/posts\/12460\/revisions\/12463"}],"wp:featuredmedia":[{"embeddable":true,"href":"https:\/\/www.feuerwehr-florian.com\/index.php?rest_route=\/wp\/v2\/media\/12462"}],"wp:attachment":[{"href":"https:\/\/www.feuerwehr-florian.com\/index.php?rest_route=%2Fwp%2Fv2%2Fmedia&parent=12460"}],"wp:term":[{"taxonomy":"category","embeddable":true,"href":"https:\/\/www.feuerwehr-florian.com\/index.php?rest_route=%2Fwp%2Fv2%2Fcategories&post=12460"},{"taxonomy":"post_tag","embeddable":true,"href":"https:\/\/www.feuerwehr-florian.com\/index.php?rest_route=%2Fwp%2Fv2%2Ftags&post=12460"}],"curies":[{"name":"wp","href":"https:\/\/api.w.org\/{rel}","templated":true}]}}