{"id":12465,"date":"2025-04-15T21:37:15","date_gmt":"2025-04-15T19:37:15","guid":{"rendered":"https:\/\/www.feuerwehr-florian.com\/?p=12465"},"modified":"2025-04-15T21:37:15","modified_gmt":"2025-04-15T19:37:15","slug":"drei-neue-atemschutztraeger-fuer-st-florian","status":"publish","type":"post","link":"https:\/\/www.feuerwehr-florian.com\/?p=12465","title":{"rendered":"Drei neue Atemschutztr\u00e4ger f\u00fcr St. Florian"},"content":{"rendered":"<p>Am 5. April konnten drei Kameraden die Ausbildung zum Atemschutztr\u00e4ger abschlie\u00dfen. Somit stehen drei weitere Atemschutztr\u00e4ger f\u00fcr den Einsatzdienst im Ernstfall zur Verf\u00fcgung.<\/p>\n<p><!--more--><\/p>\n<p>In einer mehrt\u00e4gigen Ausbildung wurden die Schulungsinhalte in Theorie und Praxis unter der Leitung von unserem Atemschutzwart HBM d. F. Andreas Standhartinger vermittelt.<\/p>\n<p>Im Beisein von B\u00fcrgermeister Bernd Sch\u00fctzeneder wurden den Absolventen ihre Urkunden \u00fcberreicht.<\/p>\n<p>Wir gratulieren Florian Mathy, Mathias Steininger und Johannes Stadler zum erfolgreichen Abschluss der Atemschutzausbildung.<\/p>\n\n\t\t<style type=\"text\/css\">\n\t\t\t#gallery-1 {\n\t\t\t\tmargin: auto;\n\t\t\t}\n\t\t\t#gallery-1 .gallery-item {\n\t\t\t\tfloat: left;\n\t\t\t\tmargin-top: 10px;\n\t\t\t\ttext-align: center;\n\t\t\t\twidth: 33%;\n\t\t\t}\n\t\t\t#gallery-1 img {\n\t\t\t\tborder: 2px solid #cfcfcf;\n\t\t\t}\n\t\t\t#gallery-1 .gallery-caption {\n\t\t\t\tmargin-left: 0;\n\t\t\t}\n\t\t\t\/* see gallery_shortcode() in wp-includes\/media.php *\/\n\t\t<\/style>\n\t\t<div id='gallery-1' class='gallery galleryid-12465 gallery-columns-3 gallery-size-thumbnail'><dl class='gallery-item'>\n\t\t\t<dt class='gallery-icon landscape'>\n\t\t\t\t<a href='https:\/\/www.feuerwehr-florian.com\/wp-content\/uploads\/2025\/04\/2f503961-6de2-481b-9d10-d638f8e3a407.jpeg' title=\"\" data-rl_title=\"\" class=\"rl-gallery-link\" data-rl_caption=\"\" data-rel=\"lightbox-gallery-1\"><img loading=\"lazy\" decoding=\"async\" width=\"250\" height=\"250\" src=\"https:\/\/www.feuerwehr-florian.com\/wp-content\/uploads\/2025\/04\/2f503961-6de2-481b-9d10-d638f8e3a407-250x250.jpeg\" class=\"attachment-thumbnail size-thumbnail\" alt=\"\" \/><\/a>\n\t\t\t<\/dt><\/dl>\n\t\t\t<br style='clear: both' \/>\n\t\t<\/div>\n\n","protected":false},"excerpt":{"rendered":"<p>Am 5. April konnten drei Kameraden die Ausbildung zum Atemschutztr\u00e4ger abschlie\u00dfen. Somit stehen drei weitere Atemschutztr\u00e4ger f\u00fcr den Einsatzdienst im Ernstfall zur Verf\u00fcgung.<\/p>\n","protected":false},"author":11,"featured_media":12464,"comment_status":"closed","ping_status":"open","sticky":false,"template":"","format":"standard","meta":{"_jetpack_memberships_contains_paid_content":false,"footnotes":"","jetpack_publicize_message":"","jetpack_publicize_feature_enabled":true,"jetpack_social_post_already_shared":true,"jetpack_social_options":{"image_generator_settings":{"template":"highway","default_image_id":0,"font":"","enabled":false},"version":2}},"categories":[279,74],"tags":[],"class_list":["post-12465","post","type-post","status-publish","format-standard","has-post-thumbnail","hentry","category-279","category-uebungen-ausbildungen"],"jetpack_publicize_connections":[],"jetpack_featured_media_url":"https:\/\/www.feuerwehr-florian.com\/wp-content\/uploads\/2025\/04\/2f503961-6de2-481b-9d10-d638f8e3a407.jpeg","jetpack_sharing_enabled":true,"jetpack_likes_enabled":true,"_links":{"self":[{"href":"https:\/\/www.feuerwehr-florian.com\/index.php?rest_route=\/wp\/v2\/posts\/12465","targetHints":{"allow":["GET"]}}],"collection":[{"href":"https:\/\/www.feuerwehr-florian.com\/index.php?rest_route=\/wp\/v2\/posts"}],"about":[{"href":"https:\/\/www.feuerwehr-florian.com\/index.php?rest_route=\/wp\/v2\/types\/post"}],"author":[{"embeddable":true,"href":"https:\/\/www.feuerwehr-florian.com\/index.php?rest_route=\/wp\/v2\/users\/11"}],"replies":[{"embeddable":true,"href":"https:\/\/www.feuerwehr-florian.com\/index.php?rest_route=%2Fwp%2Fv2%2Fcomments&post=12465"}],"version-history":[{"count":2,"href":"https:\/\/www.feuerwehr-florian.com\/index.php?rest_route=\/wp\/v2\/posts\/12465\/revisions"}],"predecessor-version":[{"id":12467,"href":"https:\/\/www.feuerwehr-florian.com\/index.php?rest_route=\/wp\/v2\/posts\/12465\/revisions\/12467"}],"wp:featuredmedia":[{"embeddable":true,"href":"https:\/\/www.feuerwehr-florian.com\/index.php?rest_route=\/wp\/v2\/media\/12464"}],"wp:attachment":[{"href":"https:\/\/www.feuerwehr-florian.com\/index.php?rest_route=%2Fwp%2Fv2%2Fmedia&parent=12465"}],"wp:term":[{"taxonomy":"category","embeddable":true,"href":"https:\/\/www.feuerwehr-florian.com\/index.php?rest_route=%2Fwp%2Fv2%2Fcategories&post=12465"},{"taxonomy":"post_tag","embeddable":true,"href":"https:\/\/www.feuerwehr-florian.com\/index.php?rest_route=%2Fwp%2Fv2%2Ftags&post=12465"}],"curies":[{"name":"wp","href":"https:\/\/api.w.org\/{rel}","templated":true}]}}