{"id":12628,"date":"2025-07-04T07:19:37","date_gmt":"2025-07-04T05:19:37","guid":{"rendered":"https:\/\/www.feuerwehr-florian.com\/?p=12628"},"modified":"2025-07-04T07:19:37","modified_gmt":"2025-07-04T05:19:37","slug":"dringende-tueroeffnung-3","status":"publish","type":"post","link":"https:\/\/www.feuerwehr-florian.com\/?p=12628","title":{"rendered":"dringende T\u00fcr\u00f6ffnung"},"content":{"rendered":"<p>Die zweite Alarmierung am 3. Juli erfolgte in den sp\u00e4ten Abendstunden zu einer dringenden T\u00fcr\u00f6ffnung. Eine Person war in ihrem Haus gest\u00fcrzt und konnte den Rettungskr\u00e4ften nicht mehr selbst\u00e4ndig die T\u00fcre \u00f6ffnen.<\/p>\n<p><!--more--><\/p>\n<p>Innerhalb weniger Minuten konnte die Feuerwehr St. Florian den Zutritt zum Haus erm\u00f6glichen und die Einsatzstelle somit an das anwesende Rote Kreuz und die Polizei \u00fcbergeben.<\/p>\n<p>Im Einsatz standen 26 Mitglieder f\u00fcr ca. 30 Minuten.<\/p>\n<p>&nbsp;<\/p>\n","protected":false},"excerpt":{"rendered":"<p>Die zweite Alarmierung am 3. Juli erfolgte in den sp\u00e4ten Abendstunden zu einer dringenden T\u00fcr\u00f6ffnung. Eine Person war in ihrem Haus gest\u00fcrzt und konnte den Rettungskr\u00e4ften nicht mehr selbst\u00e4ndig die T\u00fcre \u00f6ffnen.<\/p>\n","protected":false},"author":11,"featured_media":8988,"comment_status":"closed","ping_status":"open","sticky":false,"template":"","format":"standard","meta":{"_jetpack_memberships_contains_paid_content":false,"footnotes":"","jetpack_publicize_message":"","jetpack_publicize_feature_enabled":true,"jetpack_social_post_already_shared":true,"jetpack_social_options":{"image_generator_settings":{"template":"highway","default_image_id":0,"font":"","enabled":false},"version":2}},"categories":[279,22],"tags":[],"class_list":["post-12628","post","type-post","status-publish","format-standard","has-post-thumbnail","hentry","category-279","category-einsaetze"],"jetpack_publicize_connections":[],"jetpack_featured_media_url":"https:\/\/www.feuerwehr-florian.com\/wp-content\/uploads\/2021\/04\/symbol2.jpg","jetpack_sharing_enabled":true,"jetpack_likes_enabled":true,"_links":{"self":[{"href":"https:\/\/www.feuerwehr-florian.com\/index.php?rest_route=\/wp\/v2\/posts\/12628","targetHints":{"allow":["GET"]}}],"collection":[{"href":"https:\/\/www.feuerwehr-florian.com\/index.php?rest_route=\/wp\/v2\/posts"}],"about":[{"href":"https:\/\/www.feuerwehr-florian.com\/index.php?rest_route=\/wp\/v2\/types\/post"}],"author":[{"embeddable":true,"href":"https:\/\/www.feuerwehr-florian.com\/index.php?rest_route=\/wp\/v2\/users\/11"}],"replies":[{"embeddable":true,"href":"https:\/\/www.feuerwehr-florian.com\/index.php?rest_route=%2Fwp%2Fv2%2Fcomments&post=12628"}],"version-history":[{"count":2,"href":"https:\/\/www.feuerwehr-florian.com\/index.php?rest_route=\/wp\/v2\/posts\/12628\/revisions"}],"predecessor-version":[{"id":12630,"href":"https:\/\/www.feuerwehr-florian.com\/index.php?rest_route=\/wp\/v2\/posts\/12628\/revisions\/12630"}],"wp:featuredmedia":[{"embeddable":true,"href":"https:\/\/www.feuerwehr-florian.com\/index.php?rest_route=\/wp\/v2\/media\/8988"}],"wp:attachment":[{"href":"https:\/\/www.feuerwehr-florian.com\/index.php?rest_route=%2Fwp%2Fv2%2Fmedia&parent=12628"}],"wp:term":[{"taxonomy":"category","embeddable":true,"href":"https:\/\/www.feuerwehr-florian.com\/index.php?rest_route=%2Fwp%2Fv2%2Fcategories&post=12628"},{"taxonomy":"post_tag","embeddable":true,"href":"https:\/\/www.feuerwehr-florian.com\/index.php?rest_route=%2Fwp%2Fv2%2Ftags&post=12628"}],"curies":[{"name":"wp","href":"https:\/\/api.w.org\/{rel}","templated":true}]}}