{"id":12664,"date":"2025-08-11T20:50:14","date_gmt":"2025-08-11T18:50:14","guid":{"rendered":"https:\/\/www.feuerwehr-florian.com\/?p=12664"},"modified":"2025-08-11T20:50:14","modified_gmt":"2025-08-11T18:50:14","slug":"fahrzeugbergung-in-der-ziegeleistrasse","status":"publish","type":"post","link":"https:\/\/www.feuerwehr-florian.com\/?p=12664","title":{"rendered":"Fahrzeugbergung in der Ziegeleistra\u00dfe"},"content":{"rendered":"<p>Am 11. August wurde die FF St Florian um 16:24 Uhr zu einer &#8222;Fahrzeugbergung &#8211; PKW im Garten&#8220; in die Ziegeleistra\u00dfe gerufen.<\/p>\n<p><!--more--><\/p>\n<p>Vor Ort stellt sich heraus, dass ein PKW bei einem missgl\u00fcckten Parkman\u00f6ver in eine B\u00f6schung eines Gartens gefahren war und einen Baum touchierte. Der Lenker hatte sich bereits aus dem Fahrzeug befreit, konnte dieses jedoch nicht mehr herausman\u00f6vrieren.<\/p>\n<p>Mit einer Motors\u00e4ge wurde das Buschwerk entfernt, danach konnte der PKW ohne weitere Besch\u00e4digung r\u00fcckw\u00e4rts aus der B\u00f6schung gefahren werden. Der Einsatz konnte somit nach rund 35 Minuten wieder beendet werden.<\/p>\n<p>Im Einsatz standen 15 Mann der FF St. Florian mit drei Fahrzeugen (KDO-A, TLFA-B 2000\/200 und LF-A) sowie die Polizei.<\/p>\n\n\t\t<style type=\"text\/css\">\n\t\t\t#gallery-1 {\n\t\t\t\tmargin: auto;\n\t\t\t}\n\t\t\t#gallery-1 .gallery-item {\n\t\t\t\tfloat: left;\n\t\t\t\tmargin-top: 10px;\n\t\t\t\ttext-align: center;\n\t\t\t\twidth: 33%;\n\t\t\t}\n\t\t\t#gallery-1 img {\n\t\t\t\tborder: 2px solid #cfcfcf;\n\t\t\t}\n\t\t\t#gallery-1 .gallery-caption {\n\t\t\t\tmargin-left: 0;\n\t\t\t}\n\t\t\t\/* see gallery_shortcode() in wp-includes\/media.php *\/\n\t\t<\/style>\n\t\t<div id='gallery-1' class='gallery galleryid-12664 gallery-columns-3 gallery-size-thumbnail'><dl class='gallery-item'>\n\t\t\t<dt class='gallery-icon portrait'>\n\t\t\t\t<a href='https:\/\/www.feuerwehr-florian.com\/wp-content\/uploads\/2025\/08\/WEB.jpg' title=\"\" data-rl_title=\"\" class=\"rl-gallery-link\" data-rl_caption=\"\" data-rel=\"lightbox-gallery-1\"><img loading=\"lazy\" decoding=\"async\" width=\"250\" height=\"250\" src=\"https:\/\/www.feuerwehr-florian.com\/wp-content\/uploads\/2025\/08\/WEB-250x250.jpg\" class=\"attachment-thumbnail size-thumbnail\" alt=\"\" \/><\/a>\n\t\t\t<\/dt><\/dl>\n\t\t\t<br style='clear: both' \/>\n\t\t<\/div>\n\n","protected":false},"excerpt":{"rendered":"<p>Am 11. August wurde die FF St Florian um 16:24 Uhr zu einer &#8222;Fahrzeugbergung &#8211; PKW im Garten&#8220; in die Ziegeleistra\u00dfe gerufen.<\/p>\n","protected":false},"author":8,"featured_media":12665,"comment_status":"closed","ping_status":"open","sticky":false,"template":"","format":"standard","meta":{"_jetpack_memberships_contains_paid_content":false,"footnotes":"","jetpack_publicize_message":"","jetpack_publicize_feature_enabled":true,"jetpack_social_post_already_shared":true,"jetpack_social_options":{"image_generator_settings":{"template":"highway","default_image_id":0,"font":"","enabled":false},"version":2}},"categories":[279,22],"tags":[],"class_list":["post-12664","post","type-post","status-publish","format-standard","has-post-thumbnail","hentry","category-279","category-einsaetze"],"jetpack_publicize_connections":[],"jetpack_featured_media_url":"https:\/\/www.feuerwehr-florian.com\/wp-content\/uploads\/2025\/08\/WEB.jpg","jetpack_sharing_enabled":true,"jetpack_likes_enabled":true,"_links":{"self":[{"href":"https:\/\/www.feuerwehr-florian.com\/index.php?rest_route=\/wp\/v2\/posts\/12664","targetHints":{"allow":["GET"]}}],"collection":[{"href":"https:\/\/www.feuerwehr-florian.com\/index.php?rest_route=\/wp\/v2\/posts"}],"about":[{"href":"https:\/\/www.feuerwehr-florian.com\/index.php?rest_route=\/wp\/v2\/types\/post"}],"author":[{"embeddable":true,"href":"https:\/\/www.feuerwehr-florian.com\/index.php?rest_route=\/wp\/v2\/users\/8"}],"replies":[{"embeddable":true,"href":"https:\/\/www.feuerwehr-florian.com\/index.php?rest_route=%2Fwp%2Fv2%2Fcomments&post=12664"}],"version-history":[{"count":1,"href":"https:\/\/www.feuerwehr-florian.com\/index.php?rest_route=\/wp\/v2\/posts\/12664\/revisions"}],"predecessor-version":[{"id":12666,"href":"https:\/\/www.feuerwehr-florian.com\/index.php?rest_route=\/wp\/v2\/posts\/12664\/revisions\/12666"}],"wp:featuredmedia":[{"embeddable":true,"href":"https:\/\/www.feuerwehr-florian.com\/index.php?rest_route=\/wp\/v2\/media\/12665"}],"wp:attachment":[{"href":"https:\/\/www.feuerwehr-florian.com\/index.php?rest_route=%2Fwp%2Fv2%2Fmedia&parent=12664"}],"wp:term":[{"taxonomy":"category","embeddable":true,"href":"https:\/\/www.feuerwehr-florian.com\/index.php?rest_route=%2Fwp%2Fv2%2Fcategories&post=12664"},{"taxonomy":"post_tag","embeddable":true,"href":"https:\/\/www.feuerwehr-florian.com\/index.php?rest_route=%2Fwp%2Fv2%2Ftags&post=12664"}],"curies":[{"name":"wp","href":"https:\/\/api.w.org\/{rel}","templated":true}]}}