{"id":12721,"date":"2025-10-09T19:42:25","date_gmt":"2025-10-09T17:42:25","guid":{"rendered":"https:\/\/www.feuerwehr-florian.com\/?p=12721"},"modified":"2025-10-09T19:42:25","modified_gmt":"2025-10-09T17:42:25","slug":"gefahrstoffaustritt-nach-verkehrsunfall-im-wald-grossuebung-im-forstholz-st-florian","status":"publish","type":"post","link":"https:\/\/www.feuerwehr-florian.com\/?p=12721","title":{"rendered":"Gefahrstoffaustritt nach Verkehrsunfall im Wald \u2013 Gro\u00df\u00fcbung im Forstholz St. Florian"},"content":{"rendered":"<p>Am Dienstag, den 7. Oktober 2025, fand im Forstholz St. Florian eine gro\u00df angelegte Einsatz\u00fcbung der Feuerwehren des Bezirks Linz-Land statt. Das realit\u00e4tsnahe Szenario \u2013 ein Gefahrstoffaustritt nach einem Verkehrsunfall im Wald \u2013 forderte die Einsatzkr\u00e4fte in mehrfacher Hinsicht: technisch, taktisch und logistisch.<\/p>\n<p><!--more--><\/p>\n<p class=\"h2\"><strong>\u00dcbungsannahme: Verkehrsunfall mit Gefahrgut-LKW:<\/strong><\/p>\n<p>Ein Mann fuhr mit seiner Ehefrau in den Wald, um Pilze zu sammeln. W\u00e4hrend die Frau im abgestellten PKW wartete, setzte sich das Fahrzeug aus ungekl\u00e4rter Ursache in Bewegung und kollidierte mit einem vorbeifahrenden <strong>LKW mit Gefahrstoff-St\u00fcckgut<\/strong>.<br \/>\nDurch den Aufprall wurde die Beifahrerin im Fahrzeug <strong>eingeklemmt<\/strong>, und ein auf der Ladefl\u00e4che befindlicher <strong>IBC-Container mit 96 %iger Schwefels\u00e4ure<\/strong> wurde besch\u00e4digt.<br \/>\nDie LKW-Fahrerin, die sofort Hilfe leisten wollte, wurde dabei <strong>kontaminiert<\/strong> und alarmierte anschlie\u00dfend \u00fcber den Notruf <strong>122<\/strong> die Feuerwehr.<\/p>\n\n\t\t<style type=\"text\/css\">\n\t\t\t#gallery-1 {\n\t\t\t\tmargin: auto;\n\t\t\t}\n\t\t\t#gallery-1 .gallery-item {\n\t\t\t\tfloat: left;\n\t\t\t\tmargin-top: 10px;\n\t\t\t\ttext-align: center;\n\t\t\t\twidth: 33%;\n\t\t\t}\n\t\t\t#gallery-1 img {\n\t\t\t\tborder: 2px solid #cfcfcf;\n\t\t\t}\n\t\t\t#gallery-1 .gallery-caption {\n\t\t\t\tmargin-left: 0;\n\t\t\t}\n\t\t\t\/* see gallery_shortcode() in wp-includes\/media.php *\/\n\t\t<\/style>\n\t\t<div id='gallery-1' class='gallery galleryid-12721 gallery-columns-3 gallery-size-thumbnail'><dl class='gallery-item'>\n\t\t\t<dt class='gallery-icon landscape'>\n\t\t\t\t<a href='https:\/\/www.feuerwehr-florian.com\/wp-content\/uploads\/2025\/10\/csm_07._Oktober_2025DSC_9051-GS_Zug-Hubert_Wilflingseder_7cbe3e54b5.webp' title=\"\" data-rl_title=\"\" class=\"rl-gallery-link\" data-rl_caption=\"\" data-rel=\"lightbox-gallery-1\"><img loading=\"lazy\" decoding=\"async\" width=\"250\" height=\"250\" src=\"https:\/\/www.feuerwehr-florian.com\/wp-content\/uploads\/2025\/10\/csm_07._Oktober_2025DSC_9051-GS_Zug-Hubert_Wilflingseder_7cbe3e54b5-250x250.webp\" class=\"attachment-thumbnail size-thumbnail\" alt=\"\" \/><\/a>\n\t\t\t<\/dt><\/dl><dl class='gallery-item'>\n\t\t\t<dt class='gallery-icon landscape'>\n\t\t\t\t<a href='https:\/\/www.feuerwehr-florian.com\/wp-content\/uploads\/2025\/10\/54843179484_46f235e27b_k.jpg' title=\"\" data-rl_title=\"\" class=\"rl-gallery-link\" data-rl_caption=\"\" data-rel=\"lightbox-gallery-1\"><img loading=\"lazy\" decoding=\"async\" width=\"250\" height=\"250\" src=\"https:\/\/www.feuerwehr-florian.com\/wp-content\/uploads\/2025\/10\/54843179484_46f235e27b_k-250x250.jpg\" class=\"attachment-thumbnail size-thumbnail\" alt=\"\" \/><\/a>\n\t\t\t<\/dt><\/dl><dl class='gallery-item'>\n\t\t\t<dt class='gallery-icon landscape'>\n\t\t\t\t<a href='https:\/\/www.feuerwehr-florian.com\/wp-content\/uploads\/2025\/10\/54843192763_503c63f33e_k.jpg' title=\"\" data-rl_title=\"\" class=\"rl-gallery-link\" data-rl_caption=\"\" data-rel=\"lightbox-gallery-1\"><img loading=\"lazy\" decoding=\"async\" width=\"250\" height=\"250\" src=\"https:\/\/www.feuerwehr-florian.com\/wp-content\/uploads\/2025\/10\/54843192763_503c63f33e_k-250x250.jpg\" class=\"attachment-thumbnail size-thumbnail\" alt=\"\" \/><\/a>\n\t\t\t<\/dt><\/dl><br style=\"clear: both\" \/>\n\t\t<\/div>\n\n<div id=\"c76214\" class=\"section text-bg-primary section-padded \">\n<div class=\"container\">\n<p class=\"h2\"><strong>Ersteinsatz und Lageerkundung<\/strong><\/p>\n<p>Als erste Kr\u00e4fte trafen die <strong>Feuerwehr St. Florian<\/strong> und die <strong>Feuerwehr Rohrbach<\/strong> am \u00dcbungsort ein. Einsatzleiter <strong>ABI Pree<\/strong> erkannte nach einer kurzen Lageerkundung die Situation als <strong>Gefahrstoffeinsatz<\/strong> und veranlasste umgehend die Nachalarmierung des <strong>Gefahrstoffzugs II Enns\u2013Neuhofen<\/strong>.<\/p>\n<p>Noch vor dessen Eintreffen wurden durch die Mannschaft der FF St. Florian <strong>Dekontaminationsma\u00dfnahmen<\/strong> eingeleitet, um die LKW-Fahrerin notdekontaminieren zu k\u00f6nnen. Parallel erfolgte unter <strong>Schutzstufe 2<\/strong> die <strong>Crashrettung der eingeklemmten Person<\/strong> aus dem PKW.<br \/>\nDie Unfallstelle wurde w\u00e4hrenddessen <strong>weitr\u00e4umig abgesperrt<\/strong> und <strong>ausgeleuchtet<\/strong>. Da der Lenker des PKW zun\u00e4chst vermisst wurde, leitete die Feuerwehr eine <strong>Suchaktion<\/strong> ein \u2013 mit Erfolg: Der Mann konnte nach kurzer Zeit unverletzt aufgefunden werden.<\/p>\n\n\t\t<style type=\"text\/css\">\n\t\t\t#gallery-2 {\n\t\t\t\tmargin: auto;\n\t\t\t}\n\t\t\t#gallery-2 .gallery-item {\n\t\t\t\tfloat: left;\n\t\t\t\tmargin-top: 10px;\n\t\t\t\ttext-align: center;\n\t\t\t\twidth: 33%;\n\t\t\t}\n\t\t\t#gallery-2 img {\n\t\t\t\tborder: 2px solid #cfcfcf;\n\t\t\t}\n\t\t\t#gallery-2 .gallery-caption {\n\t\t\t\tmargin-left: 0;\n\t\t\t}\n\t\t\t\/* see gallery_shortcode() in wp-includes\/media.php *\/\n\t\t<\/style>\n\t\t<div id='gallery-2' class='gallery galleryid-12721 gallery-columns-3 gallery-size-thumbnail'><dl class='gallery-item'>\n\t\t\t<dt class='gallery-icon landscape'>\n\t\t\t\t<a href='https:\/\/www.feuerwehr-florian.com\/wp-content\/uploads\/2025\/10\/54842940121_4d618fb6ba_k.jpg' title=\"\" data-rl_title=\"\" class=\"rl-gallery-link\" data-rl_caption=\"\" data-rel=\"lightbox-gallery-2\"><img loading=\"lazy\" decoding=\"async\" width=\"250\" height=\"250\" src=\"https:\/\/www.feuerwehr-florian.com\/wp-content\/uploads\/2025\/10\/54842940121_4d618fb6ba_k-250x250.jpg\" class=\"attachment-thumbnail size-thumbnail\" alt=\"\" \/><\/a>\n\t\t\t<\/dt><\/dl><dl class='gallery-item'>\n\t\t\t<dt class='gallery-icon landscape'>\n\t\t\t\t<a href='https:\/\/www.feuerwehr-florian.com\/wp-content\/uploads\/2025\/10\/csm_07._Oktober_2025DSC_9219-GS_Zug-Hubert_Wilflingseder_770728805d.webp' title=\"\" data-rl_title=\"\" class=\"rl-gallery-link\" data-rl_caption=\"\" data-rel=\"lightbox-gallery-2\"><img loading=\"lazy\" decoding=\"async\" width=\"250\" height=\"250\" src=\"https:\/\/www.feuerwehr-florian.com\/wp-content\/uploads\/2025\/10\/csm_07._Oktober_2025DSC_9219-GS_Zug-Hubert_Wilflingseder_770728805d-250x250.webp\" class=\"attachment-thumbnail size-thumbnail\" alt=\"\" \/><\/a>\n\t\t\t<\/dt><\/dl><dl class='gallery-item'>\n\t\t\t<dt class='gallery-icon landscape'>\n\t\t\t\t<a href='https:\/\/www.feuerwehr-florian.com\/wp-content\/uploads\/2025\/10\/csm_07._Oktober_2025DSC_9336-GS_Zug-Hubert_Wilflingseder_9abfc2859b.webp' title=\"\" data-rl_title=\"\" class=\"rl-gallery-link\" data-rl_caption=\"\" data-rel=\"lightbox-gallery-2\"><img loading=\"lazy\" decoding=\"async\" width=\"250\" height=\"250\" src=\"https:\/\/www.feuerwehr-florian.com\/wp-content\/uploads\/2025\/10\/csm_07._Oktober_2025DSC_9336-GS_Zug-Hubert_Wilflingseder_9abfc2859b-250x250.webp\" class=\"attachment-thumbnail size-thumbnail\" alt=\"\" \/><\/a>\n\t\t\t<\/dt><\/dl><br style=\"clear: both\" \/>\n\t\t<\/div>\n\n<p class=\"h2\"><strong>Einsatz des Gefahrstoffzugs<\/strong><\/p>\n<p>Nach dem Eintreffen des <strong>Gefahrstoffzugs II Enns\u2013Neuhofen<\/strong> \u00fcbernahmen speziell ausgebildete Trupps unter <strong>Schutzstufe 3<\/strong> die weiteren Ma\u00dfnahmen.<br \/>\nDank der <strong>sorgf\u00e4ltigen Vorarbeit der ersteintreffenden Feuerwehren<\/strong> konnte sich der Auftrag des Gefahrstoffzugs auf das <strong>Abdichten des besch\u00e4digten IBC-Beh\u00e4lters<\/strong> und das <strong>Umpumpen der restlichen Schwefels\u00e4ure<\/strong> in einen intakten Container beschr\u00e4nken.<\/p>\n<p><strong>Besondere Herausforderung<\/strong><\/p>\n<\/div>\n<p>Der gew\u00e4hlte \u00dcbungsort im <strong>Forstgebiet von St. Florian<\/strong> stellte die Einsatzkr\u00e4fte vor zus\u00e4tzliche Schwierigkeiten: Die <strong>engen Waldwege<\/strong> und das <strong>begrenzte Platzangebot<\/strong> erschwerten die Aufstellung der Einsatzfahrzeuge erheblich.<br \/>\nEine pr\u00e4zise <strong>Koordination der Fahrzeugpositionen<\/strong> und des Einsatzablaufs war daher unerl\u00e4sslich, um den Betrieb reibungslos und sicher zu gestalten.<\/p>\n<\/div>\n<p>Nach rund zwei Stunden konnte die \u00dcbung erfolgreich beendet werden. In einer anschlie\u00dfenden <strong>\u00dcbungsnachbesprechung<\/strong> im Feuerwehrhaus St. Florian wurden die Abl\u00e4ufe und Erfahrungen gemeinsam mit den F\u00fchrungskr\u00e4ften reflektiert.<br \/>\nDer Abend klang anschlie\u00dfend bei <strong>Kesselhei\u00dfen und k\u00fchlen Getr\u00e4nken<\/strong> in kameradschaftlicher Atmosph\u00e4re aus.<\/p>\n\n\t\t<style type=\"text\/css\">\n\t\t\t#gallery-3 {\n\t\t\t\tmargin: auto;\n\t\t\t}\n\t\t\t#gallery-3 .gallery-item {\n\t\t\t\tfloat: left;\n\t\t\t\tmargin-top: 10px;\n\t\t\t\ttext-align: center;\n\t\t\t\twidth: 33%;\n\t\t\t}\n\t\t\t#gallery-3 img {\n\t\t\t\tborder: 2px solid #cfcfcf;\n\t\t\t}\n\t\t\t#gallery-3 .gallery-caption {\n\t\t\t\tmargin-left: 0;\n\t\t\t}\n\t\t\t\/* see gallery_shortcode() in wp-includes\/media.php *\/\n\t\t<\/style>\n\t\t<div id='gallery-3' class='gallery galleryid-12721 gallery-columns-3 gallery-size-thumbnail'><dl class='gallery-item'>\n\t\t\t<dt class='gallery-icon landscape'>\n\t\t\t\t<a href='https:\/\/www.feuerwehr-florian.com\/wp-content\/uploads\/2025\/10\/54842079997_016449373d_k.jpg' title=\"\" data-rl_title=\"\" class=\"rl-gallery-link\" data-rl_caption=\"\" data-rel=\"lightbox-gallery-3\"><img loading=\"lazy\" decoding=\"async\" width=\"250\" height=\"250\" src=\"https:\/\/www.feuerwehr-florian.com\/wp-content\/uploads\/2025\/10\/54842079997_016449373d_k-250x250.jpg\" class=\"attachment-thumbnail size-thumbnail\" alt=\"\" \/><\/a>\n\t\t\t<\/dt><\/dl><dl class='gallery-item'>\n\t\t\t<dt class='gallery-icon landscape'>\n\t\t\t\t<a href='https:\/\/www.feuerwehr-florian.com\/wp-content\/uploads\/2025\/10\/54842940466_f38866562f_k.jpg' title=\"\" data-rl_title=\"\" class=\"rl-gallery-link\" data-rl_caption=\"\" data-rel=\"lightbox-gallery-3\"><img loading=\"lazy\" decoding=\"async\" width=\"250\" height=\"250\" src=\"https:\/\/www.feuerwehr-florian.com\/wp-content\/uploads\/2025\/10\/54842940466_f38866562f_k-250x250.jpg\" class=\"attachment-thumbnail size-thumbnail\" alt=\"\" \/><\/a>\n\t\t\t<\/dt><\/dl><dl class='gallery-item'>\n\t\t\t<dt class='gallery-icon landscape'>\n\t\t\t\t<a href='https:\/\/www.feuerwehr-florian.com\/wp-content\/uploads\/2025\/10\/54843192388_f56dde9918_k.jpg' title=\"\" data-rl_title=\"\" class=\"rl-gallery-link\" data-rl_caption=\"\" data-rel=\"lightbox-gallery-3\"><img loading=\"lazy\" decoding=\"async\" width=\"250\" height=\"250\" src=\"https:\/\/www.feuerwehr-florian.com\/wp-content\/uploads\/2025\/10\/54843192388_f56dde9918_k-250x250.jpg\" class=\"attachment-thumbnail size-thumbnail\" alt=\"\" \/><\/a>\n\t\t\t<\/dt><\/dl><br style=\"clear: both\" \/>\n\t\t<\/div>\n\n<p class=\"h2\"><strong>Nachbesprechung und Dank<\/strong><\/p>\n<p>Ein besonderer Dank gilt der <strong>Feuerwehr St. Florian<\/strong>, die als <strong>Hauptveranstalterin<\/strong> dieser \u00dcbung fungierte und mit rund <strong>zwei Monaten Vorbereitungszeit<\/strong> ma\u00dfgeblich zum Erfolg beitrug.<\/p>\n<p><strong>Beteiligte Organisationen und F\u00fchrungskr\u00e4fte:<\/strong><\/p>\n<ul class=\"list-styled\">\n<li>FF St. Florian<\/li>\n<li>FF Rohrbach<\/li>\n<li>FF Bruck-Hausleiten<\/li>\n<li>FF Asten<\/li>\n<li>FF Raffelstetten<\/li>\n<li>FF Niederneukirchen<\/li>\n<li>FF Neuhofen<\/li>\n<li>FF Pucking-Hasenufer<\/li>\n<li>BTF Nettingsdorf<\/li>\n<li>BF Linz<\/li>\n<li>FF Axberg<\/li>\n<li>Gemeinde St. Florian<\/li>\n<li>BFK Helmut F\u00f6dermayr<\/li>\n<li>AFK Klaus Gusenleitner<\/li>\n<li>AFK G\u00fcnter Reichhardt<\/li>\n<\/ul>\n<p>Alle Fotos zur \u00dcbung findet Ihr <strong><a href=\"https:\/\/ll.ooelfv.at\/aktuelles\/news\/beitrag\/gefahrstoffaustritt-nach-verkehrsunfall-im-wald-grossuebung-im-forstholz-st-florian\">HIER<\/a><\/strong> auf der Homepage des BFK Linz Land!<\/p>\n<p>&nbsp;<\/p>\n","protected":false},"excerpt":{"rendered":"<p>Am Dienstag, den 7. Oktober 2025, fand im Forstholz St. Florian eine gro\u00df angelegte Einsatz\u00fcbung der Feuerwehren des Bezirks Linz-Land statt. Das realit\u00e4tsnahe Szenario \u2013 ein Gefahrstoffaustritt nach einem Verkehrsunfall im Wald \u2013 forderte die Einsatzkr\u00e4fte in mehrfacher Hinsicht: technisch, taktisch und logistisch.<\/p>\n","protected":false},"author":2,"featured_media":12728,"comment_status":"closed","ping_status":"open","sticky":false,"template":"","format":"standard","meta":{"_jetpack_memberships_contains_paid_content":false,"footnotes":"","jetpack_publicize_message":"","jetpack_publicize_feature_enabled":true,"jetpack_social_post_already_shared":true,"jetpack_social_options":{"image_generator_settings":{"template":"highway","default_image_id":0,"font":"","enabled":false},"version":2}},"categories":[279,74],"tags":[280,60,8,75,10],"class_list":["post-12721","post","type-post","status-publish","format-standard","has-post-thumbnail","hentry","category-279","category-uebungen-ausbildungen","tag-280","tag-schadstoffeinsatz","tag-technischer-einsatz","tag-uebung-ausbildung","tag-verkehrsunfall"],"jetpack_publicize_connections":[],"jetpack_featured_media_url":"https:\/\/www.feuerwehr-florian.com\/wp-content\/uploads\/2025\/10\/csm_07._Oktober_2025DSC_9219-GS_Zug-Hubert_Wilflingseder_770728805d.webp","jetpack_sharing_enabled":true,"jetpack_likes_enabled":true,"_links":{"self":[{"href":"https:\/\/www.feuerwehr-florian.com\/index.php?rest_route=\/wp\/v2\/posts\/12721","targetHints":{"allow":["GET"]}}],"collection":[{"href":"https:\/\/www.feuerwehr-florian.com\/index.php?rest_route=\/wp\/v2\/posts"}],"about":[{"href":"https:\/\/www.feuerwehr-florian.com\/index.php?rest_route=\/wp\/v2\/types\/post"}],"author":[{"embeddable":true,"href":"https:\/\/www.feuerwehr-florian.com\/index.php?rest_route=\/wp\/v2\/users\/2"}],"replies":[{"embeddable":true,"href":"https:\/\/www.feuerwehr-florian.com\/index.php?rest_route=%2Fwp%2Fv2%2Fcomments&post=12721"}],"version-history":[{"count":1,"href":"https:\/\/www.feuerwehr-florian.com\/index.php?rest_route=\/wp\/v2\/posts\/12721\/revisions"}],"predecessor-version":[{"id":12731,"href":"https:\/\/www.feuerwehr-florian.com\/index.php?rest_route=\/wp\/v2\/posts\/12721\/revisions\/12731"}],"wp:featuredmedia":[{"embeddable":true,"href":"https:\/\/www.feuerwehr-florian.com\/index.php?rest_route=\/wp\/v2\/media\/12728"}],"wp:attachment":[{"href":"https:\/\/www.feuerwehr-florian.com\/index.php?rest_route=%2Fwp%2Fv2%2Fmedia&parent=12721"}],"wp:term":[{"taxonomy":"category","embeddable":true,"href":"https:\/\/www.feuerwehr-florian.com\/index.php?rest_route=%2Fwp%2Fv2%2Fcategories&post=12721"},{"taxonomy":"post_tag","embeddable":true,"href":"https:\/\/www.feuerwehr-florian.com\/index.php?rest_route=%2Fwp%2Fv2%2Ftags&post=12721"}],"curies":[{"name":"wp","href":"https:\/\/api.w.org\/{rel}","templated":true}]}}