{"id":12948,"date":"2026-03-29T22:00:17","date_gmt":"2026-03-29T20:00:17","guid":{"rendered":"https:\/\/www.feuerwehr-florian.com\/?p=12948"},"modified":"2026-03-29T22:00:17","modified_gmt":"2026-03-29T20:00:17","slug":"verkehrsunfall-auto-prallt-gegen-baeume","status":"publish","type":"post","link":"https:\/\/www.feuerwehr-florian.com\/?p=12948","title":{"rendered":"Verkehrsunfall &#8211; Auto prallt gegen B\u00e4ume"},"content":{"rendered":"<p>Am Abend des 29. M\u00e4rz erfolgte die Alarmierung ins Gemeindegebiet von Niederneukirchen zu einem Verkehrsunfall. Ein Fahrzeug war von der Stra\u00dfe abgekommen und gegen mehrere B\u00e4ume geprallt.<\/p>\n<p><!--more--><\/p>\n<p>Gegen 20:30 Uhr kam in Niederneukirchen eine Pkw-Lenkerin aus bislang unbekannter Ursache von der Fahrbahn ab und prallte gegen mehrere B\u00e4ume.<\/p>\n<p>Nachkommende Verkehrsteilnehmer leisteten Erste Hilfe und verst\u00e4ndigten umgehend die Einsatzkr\u00e4fte. Die Fahrerin war zwar nicht im Fahrzeug eingeklemmt, konnte jedoch aufgrund ihrer Verletzungen das demolierte Fahrzeug nicht mehr selbst\u00e4ndig verlassen. Nach der Erstversorgung durch den Rettungsdienst wurde sie zur weiteren Abkl\u00e4rung in ein Krankenhaus gebracht.<\/p>\n<p>Die Feuerwehr sicherte die Unfallstelle ab und unterst\u00fctzte die Aufr\u00e4umarbeiten. Das besch\u00e4digte Fahrzeug wurde schlie\u00dflich von einem Abschleppunternehmen geborgen.<\/p>\n<p>Im Einsatz standen 24 Mitglieder der FF St. Florian, die FF Niederneukirchen, das Rote Kreuz sowie die Polizei f\u00fcr ca. 90 Minuten<\/p>\n<p>Fotos und Text: Fotokerschi<\/p>\n\n\t\t<style type=\"text\/css\">\n\t\t\t#gallery-1 {\n\t\t\t\tmargin: auto;\n\t\t\t}\n\t\t\t#gallery-1 .gallery-item {\n\t\t\t\tfloat: left;\n\t\t\t\tmargin-top: 10px;\n\t\t\t\ttext-align: center;\n\t\t\t\twidth: 33%;\n\t\t\t}\n\t\t\t#gallery-1 img {\n\t\t\t\tborder: 2px solid #cfcfcf;\n\t\t\t}\n\t\t\t#gallery-1 .gallery-caption {\n\t\t\t\tmargin-left: 0;\n\t\t\t}\n\t\t\t\/* see gallery_shortcode() in wp-includes\/media.php *\/\n\t\t<\/style>\n\t\t<div id='gallery-1' class='gallery galleryid-12948 gallery-columns-3 gallery-size-thumbnail'><dl class='gallery-item'>\n\t\t\t<dt class='gallery-icon landscape'>\n\t\t\t\t<a href='https:\/\/www.feuerwehr-florian.com\/wp-content\/uploads\/2026\/03\/Fotokerschi1.png' title=\"\" data-rl_title=\"\" class=\"rl-gallery-link\" data-rl_caption=\"\" data-rel=\"lightbox-gallery-1\"><img loading=\"lazy\" decoding=\"async\" width=\"250\" height=\"250\" src=\"https:\/\/www.feuerwehr-florian.com\/wp-content\/uploads\/2026\/03\/Fotokerschi1-250x250.png\" class=\"attachment-thumbnail size-thumbnail\" alt=\"\" \/><\/a>\n\t\t\t<\/dt><\/dl><dl class='gallery-item'>\n\t\t\t<dt class='gallery-icon landscape'>\n\t\t\t\t<a href='https:\/\/www.feuerwehr-florian.com\/wp-content\/uploads\/2026\/03\/Fotokerschi3.png' title=\"\" data-rl_title=\"\" class=\"rl-gallery-link\" data-rl_caption=\"\" data-rel=\"lightbox-gallery-1\"><img loading=\"lazy\" decoding=\"async\" width=\"250\" height=\"250\" src=\"https:\/\/www.feuerwehr-florian.com\/wp-content\/uploads\/2026\/03\/Fotokerschi3-250x250.png\" class=\"attachment-thumbnail size-thumbnail\" alt=\"\" \/><\/a>\n\t\t\t<\/dt><\/dl><dl class='gallery-item'>\n\t\t\t<dt class='gallery-icon landscape'>\n\t\t\t\t<a href='https:\/\/www.feuerwehr-florian.com\/wp-content\/uploads\/2026\/03\/Fotokerschi2.png' title=\"\" data-rl_title=\"\" class=\"rl-gallery-link\" data-rl_caption=\"\" data-rel=\"lightbox-gallery-1\"><img loading=\"lazy\" decoding=\"async\" width=\"250\" height=\"250\" src=\"https:\/\/www.feuerwehr-florian.com\/wp-content\/uploads\/2026\/03\/Fotokerschi2-250x250.png\" class=\"attachment-thumbnail size-thumbnail\" alt=\"\" \/><\/a>\n\t\t\t<\/dt><\/dl><br style=\"clear: both\" \/>\n\t\t<\/div>\n\n","protected":false},"excerpt":{"rendered":"<p>Am Abend des 29. M\u00e4rz erfolgte die Alarmierung ins Gemeindegebiet von Niederneukirchen zu einem Verkehrsunfall. Ein Fahrzeug war von der Stra\u00dfe abgekommen und gegen mehrere B\u00e4ume geprallt.<\/p>\n","protected":false},"author":11,"featured_media":12949,"comment_status":"closed","ping_status":"open","sticky":false,"template":"","format":"standard","meta":{"_jetpack_memberships_contains_paid_content":false,"footnotes":"","jetpack_publicize_message":"","jetpack_publicize_feature_enabled":true,"jetpack_social_post_already_shared":true,"jetpack_social_options":{"image_generator_settings":{"template":"highway","default_image_id":0,"font":"","enabled":false},"version":2}},"categories":[289,22],"tags":[],"class_list":["post-12948","post","type-post","status-publish","format-standard","has-post-thumbnail","hentry","category-289","category-einsaetze"],"jetpack_publicize_connections":[],"jetpack_featured_media_url":"https:\/\/www.feuerwehr-florian.com\/wp-content\/uploads\/2026\/03\/Fotokerschi2.png","jetpack_sharing_enabled":true,"jetpack_likes_enabled":true,"_links":{"self":[{"href":"https:\/\/www.feuerwehr-florian.com\/index.php?rest_route=\/wp\/v2\/posts\/12948","targetHints":{"allow":["GET"]}}],"collection":[{"href":"https:\/\/www.feuerwehr-florian.com\/index.php?rest_route=\/wp\/v2\/posts"}],"about":[{"href":"https:\/\/www.feuerwehr-florian.com\/index.php?rest_route=\/wp\/v2\/types\/post"}],"author":[{"embeddable":true,"href":"https:\/\/www.feuerwehr-florian.com\/index.php?rest_route=\/wp\/v2\/users\/11"}],"replies":[{"embeddable":true,"href":"https:\/\/www.feuerwehr-florian.com\/index.php?rest_route=%2Fwp%2Fv2%2Fcomments&post=12948"}],"version-history":[{"count":1,"href":"https:\/\/www.feuerwehr-florian.com\/index.php?rest_route=\/wp\/v2\/posts\/12948\/revisions"}],"predecessor-version":[{"id":12952,"href":"https:\/\/www.feuerwehr-florian.com\/index.php?rest_route=\/wp\/v2\/posts\/12948\/revisions\/12952"}],"wp:featuredmedia":[{"embeddable":true,"href":"https:\/\/www.feuerwehr-florian.com\/index.php?rest_route=\/wp\/v2\/media\/12949"}],"wp:attachment":[{"href":"https:\/\/www.feuerwehr-florian.com\/index.php?rest_route=%2Fwp%2Fv2%2Fmedia&parent=12948"}],"wp:term":[{"taxonomy":"category","embeddable":true,"href":"https:\/\/www.feuerwehr-florian.com\/index.php?rest_route=%2Fwp%2Fv2%2Fcategories&post=12948"},{"taxonomy":"post_tag","embeddable":true,"href":"https:\/\/www.feuerwehr-florian.com\/index.php?rest_route=%2Fwp%2Fv2%2Ftags&post=12948"}],"curies":[{"name":"wp","href":"https:\/\/api.w.org\/{rel}","templated":true}]}}