{"id":1480,"date":"2011-10-08T10:00:56","date_gmt":"2011-10-08T08:00:56","guid":{"rendered":"http:\/\/wp.feuerwehr-florian.com\/?p=1480"},"modified":"2016-01-04T17:51:46","modified_gmt":"2016-01-04T16:51:46","slug":"wohnhausbrand-im-zentrum-von-st-florian","status":"publish","type":"post","link":"https:\/\/www.feuerwehr-florian.com\/?p=1480","title":{"rendered":"Wohnhausbrand im Zentrum von St. Florian"},"content":{"rendered":"<p>Samstagnachmittag wurden die Feuerwehren des Pflichtbereich St. Florian im Zuge der Pflichtbereichs\u00fcbung zu einem Wohnhausbrand im Ortzentrum von St. Florian alarmiert.<\/p>\n<p><!--more--><\/p>\n<p>Beim Eintreffen des ersten Fahrzeuges der FF St. Florian drang bereits dichter Rauch aus den Fenstern im 1. OG und zwei Personen machten sich an den Fenstern bemerkbar. Unverz\u00fcglich wurde die Drehleiter in Stellung gebracht um die Person die sich stra\u00dfenseitig bemerkbar machte zu retten. Die zweite Person wurde mittels einer Schiebeleiter aus dem 1.OG gerettet. Da es sich bei dem \u00dcbungsobjekt um ein Abrissgeb\u00e4ude handelte, konnte im Erdgeschoss ein echtes Feuer gelegt werden, um die \u00dcbung noch realistischer zu gestalten. Die \u00fcblichen R\u00e4ume wurden durch Nebelkanonen und Rauchbomben soweit verraucht, dass auch dort die Anforderung an die Atemschutztr\u00e4ger nicht zu kurz kam. Au\u00dferdem wurde durch pyrotechnische Effekte, wie kleine Rauchgasdurchz\u00fcndungen, die \u00dcbung etwas aufgepeppt. Die Personenrettung wurde durch versperrte T\u00fcren sowie den dichten Rauch erschwert. Von Au\u00dfen wurde ein Angriff mit 2 C-Rohren sowie, nach der \u00d6ffnung der Dachhaut, mit dem Wenderohr der Drehleiter gestartet. Die Wasserversorgung wurde durch eine 350m lange Zubringerleitung vom Ipfbach sichergestellt. Im Einsatz standen 77 Mann der Feuerwehren St. Florian (KRFA-200, TLFA 2000, LF-A, DL25, LAST), Rohrbach (RLFA 2000, KLF) und Bruck\/Hausleiten (TLFA 2000, KLFA).<\/p>\n<p>&nbsp;<\/p>\n<p align=\"center\"><strong>Ablauf Herbst\u00fcbung 2011<\/strong><\/p>\n<table border=\"1\" cellspacing=\"0\" cellpadding=\"0\" align=\"center\">\n<tbody>\n<tr>\n<td valign=\"top\" width=\"73\">15:06<\/td>\n<td valign=\"top\" width=\"541\">Ankunft der Eeinsatzleitung an der Einsatzstelle<\/td>\n<\/tr>\n<tr>\n<td valign=\"top\" width=\"73\">15:08<\/td>\n<td valign=\"top\" width=\"541\">Ankunft FF Rohrbach an der Einsatzstelle<\/td>\n<\/tr>\n<tr>\n<td valign=\"top\" width=\"73\">15:11<\/td>\n<td valign=\"top\" width=\"541\">Ankunft FF Bruck-Hausleiten an der Einsatzstelle<\/td>\n<\/tr>\n<tr>\n<td valign=\"top\" width=\"73\">15:12<\/td>\n<td valign=\"top\" width=\"541\">Rettung einer Person durch die Drehleiter (<strong>6 Minuten<\/strong>)<\/td>\n<\/tr>\n<tr>\n<td valign=\"top\" width=\"73\">15:16<\/td>\n<td valign=\"top\" width=\"541\">Rettung einer Person mit Schiebeleiter von der FF Rohrbach (<strong>10 Min<\/strong>.)<\/td>\n<\/tr>\n<tr>\n<td valign=\"top\" width=\"73\">15:17<\/td>\n<td valign=\"top\" width=\"541\">1. AS-Trupp macht einen Innenangriff (<strong>10 Minuten<\/strong>)<\/td>\n<\/tr>\n<tr>\n<td valign=\"top\" width=\"73\">15:33<\/td>\n<td valign=\"top\" width=\"541\">\n<p>Zubringeleitung fertig aufgebaut von der Ipf (<strong>25 Minuten<\/strong>)<\/p>\n<p>Anmerkung: nach ca. 10 Minuten nach Erhalt des Befehls die Zubringeleitung aufzubauen (15:11), wurden drei weitere Saug\u00adschl\u00e4uche angefordert<\/td>\n<\/tr>\n<tr>\n<td valign=\"top\" width=\"73\">15:33<\/td>\n<td valign=\"top\" width=\"541\">Personenrettung durch einen AS-Trupp (<strong>30 Minuten<\/strong>)<\/td>\n<\/tr>\n<tr>\n<td valign=\"top\" width=\"73\">15:39<\/td>\n<td valign=\"top\" width=\"541\">Beginn der L\u00f6scharbeiten \u00fcber die Drehleiter durch die vorher geschaffene Dach\u00f6ffnung (<strong>35 Minuten)<\/strong><\/td>\n<\/tr>\n<tr>\n<td valign=\"top\" width=\"73\">15:49<\/td>\n<td valign=\"top\" width=\"541\">Ein AS-Trupp muss erneut ins Geb\u00e4ude, da noch eine Person vermisst wird<\/td>\n<\/tr>\n<tr>\n<td valign=\"top\" width=\"73\">15:59<\/td>\n<td valign=\"top\" width=\"541\">Befehl \u2013 Zum Abmarsch fertig<\/td>\n<\/tr>\n<\/tbody>\n<\/table>\n<p>&nbsp;<\/p>\n<p>Fotos: (c) <a href=\"http:\/\/www.fotokerschi.at\/blog\/herbstuebung-mitten-im-ortszentrum\/\" target=\"_blank\">fotokerschi.at<\/a><\/p>\n\n\t\t<style type=\"text\/css\">\n\t\t\t#gallery-1 {\n\t\t\t\tmargin: auto;\n\t\t\t}\n\t\t\t#gallery-1 .gallery-item {\n\t\t\t\tfloat: left;\n\t\t\t\tmargin-top: 10px;\n\t\t\t\ttext-align: center;\n\t\t\t\twidth: 33%;\n\t\t\t}\n\t\t\t#gallery-1 img {\n\t\t\t\tborder: 2px solid #cfcfcf;\n\t\t\t}\n\t\t\t#gallery-1 .gallery-caption {\n\t\t\t\tmargin-left: 0;\n\t\t\t}\n\t\t\t\/* see gallery_shortcode() in wp-includes\/media.php *\/\n\t\t<\/style>\n\t\t<div id='gallery-1' class='gallery galleryid-1480 gallery-columns-3 gallery-size-thumbnail'><dl class='gallery-item'>\n\t\t\t<dt class='gallery-icon landscape'>\n\t\t\t\t<a href='https:\/\/www.feuerwehr-florian.com\/wp-content\/uploads\/2016\/01\/Herbst\u00c3\u00bcbung_015.jpg' title=\"\" data-rl_title=\"\" class=\"rl-gallery-link\" data-rl_caption=\"\" data-rel=\"lightbox-gallery-1\"><img loading=\"lazy\" decoding=\"async\" width=\"250\" height=\"250\" src=\"https:\/\/www.feuerwehr-florian.com\/wp-content\/uploads\/2016\/01\/Herbst\u00c3\u00bcbung_015-250x250.jpg\" class=\"attachment-thumbnail size-thumbnail\" alt=\"\" \/><\/a>\n\t\t\t<\/dt><\/dl><dl class='gallery-item'>\n\t\t\t<dt class='gallery-icon landscape'>\n\t\t\t\t<a href='https:\/\/www.feuerwehr-florian.com\/wp-content\/uploads\/2016\/01\/Herbst\u00c3\u00bcbung_003.jpg' title=\"\" data-rl_title=\"\" class=\"rl-gallery-link\" data-rl_caption=\"\" data-rel=\"lightbox-gallery-1\"><img loading=\"lazy\" decoding=\"async\" width=\"250\" height=\"250\" src=\"https:\/\/www.feuerwehr-florian.com\/wp-content\/uploads\/2016\/01\/Herbst\u00c3\u00bcbung_003-250x250.jpg\" class=\"attachment-thumbnail size-thumbnail\" alt=\"\" \/><\/a>\n\t\t\t<\/dt><\/dl><dl class='gallery-item'>\n\t\t\t<dt class='gallery-icon landscape'>\n\t\t\t\t<a href='https:\/\/www.feuerwehr-florian.com\/wp-content\/uploads\/2016\/01\/Herbst\u00c3\u00bcbung_042.jpg' title=\"\" data-rl_title=\"\" class=\"rl-gallery-link\" data-rl_caption=\"\" data-rel=\"lightbox-gallery-1\"><img loading=\"lazy\" decoding=\"async\" width=\"250\" height=\"250\" src=\"https:\/\/www.feuerwehr-florian.com\/wp-content\/uploads\/2016\/01\/Herbst\u00c3\u00bcbung_042-250x250.jpg\" class=\"attachment-thumbnail size-thumbnail\" alt=\"\" \/><\/a>\n\t\t\t<\/dt><\/dl><br style=\"clear: both\" \/><dl class='gallery-item'>\n\t\t\t<dt class='gallery-icon landscape'>\n\t\t\t\t<a href='https:\/\/www.feuerwehr-florian.com\/wp-content\/uploads\/2016\/01\/Herbst\u00c3\u00bcbung_033.jpg' title=\"\" data-rl_title=\"\" class=\"rl-gallery-link\" data-rl_caption=\"\" data-rel=\"lightbox-gallery-1\"><img loading=\"lazy\" decoding=\"async\" width=\"250\" height=\"250\" src=\"https:\/\/www.feuerwehr-florian.com\/wp-content\/uploads\/2016\/01\/Herbst\u00c3\u00bcbung_033-250x250.jpg\" class=\"attachment-thumbnail size-thumbnail\" alt=\"\" \/><\/a>\n\t\t\t<\/dt><\/dl><dl class='gallery-item'>\n\t\t\t<dt class='gallery-icon landscape'>\n\t\t\t\t<a href='https:\/\/www.feuerwehr-florian.com\/wp-content\/uploads\/2016\/01\/Herbst\u00c3\u00bcbung_030.jpg' title=\"\" data-rl_title=\"\" class=\"rl-gallery-link\" data-rl_caption=\"\" data-rel=\"lightbox-gallery-1\"><img loading=\"lazy\" decoding=\"async\" width=\"250\" height=\"250\" src=\"https:\/\/www.feuerwehr-florian.com\/wp-content\/uploads\/2016\/01\/Herbst\u00c3\u00bcbung_030-250x250.jpg\" class=\"attachment-thumbnail size-thumbnail\" alt=\"\" \/><\/a>\n\t\t\t<\/dt><\/dl><dl class='gallery-item'>\n\t\t\t<dt class='gallery-icon landscape'>\n\t\t\t\t<a href='https:\/\/www.feuerwehr-florian.com\/wp-content\/uploads\/2016\/01\/Herbst\u00c3\u00bcbung_026.jpg' title=\"\" data-rl_title=\"\" class=\"rl-gallery-link\" data-rl_caption=\"\" data-rel=\"lightbox-gallery-1\"><img loading=\"lazy\" decoding=\"async\" width=\"250\" height=\"250\" src=\"https:\/\/www.feuerwehr-florian.com\/wp-content\/uploads\/2016\/01\/Herbst\u00c3\u00bcbung_026-250x250.jpg\" class=\"attachment-thumbnail size-thumbnail\" alt=\"\" \/><\/a>\n\t\t\t<\/dt><\/dl><br style=\"clear: both\" \/><dl class='gallery-item'>\n\t\t\t<dt class='gallery-icon landscape'>\n\t\t\t\t<a href='https:\/\/www.feuerwehr-florian.com\/wp-content\/uploads\/2016\/01\/Herbst\u00c3\u00bcbung_020.jpg' title=\"\" data-rl_title=\"\" class=\"rl-gallery-link\" data-rl_caption=\"\" data-rel=\"lightbox-gallery-1\"><img loading=\"lazy\" decoding=\"async\" width=\"250\" height=\"250\" src=\"https:\/\/www.feuerwehr-florian.com\/wp-content\/uploads\/2016\/01\/Herbst\u00c3\u00bcbung_020-250x250.jpg\" class=\"attachment-thumbnail size-thumbnail\" alt=\"\" \/><\/a>\n\t\t\t<\/dt><\/dl><dl class='gallery-item'>\n\t\t\t<dt class='gallery-icon landscape'>\n\t\t\t\t<a href='https:\/\/www.feuerwehr-florian.com\/wp-content\/uploads\/2016\/01\/Herbst\u00c3\u00bcbung_017.jpg' title=\"\" data-rl_title=\"\" class=\"rl-gallery-link\" data-rl_caption=\"\" data-rel=\"lightbox-gallery-1\"><img loading=\"lazy\" decoding=\"async\" width=\"250\" height=\"250\" src=\"https:\/\/www.feuerwehr-florian.com\/wp-content\/uploads\/2016\/01\/Herbst\u00c3\u00bcbung_017-250x250.jpg\" class=\"attachment-thumbnail size-thumbnail\" alt=\"\" \/><\/a>\n\t\t\t<\/dt><\/dl>\n\t\t\t<br style='clear: both' \/>\n\t\t<\/div>\n\n","protected":false},"excerpt":{"rendered":"<p>Samstagnachmittag wurden die Feuerwehren des Pflichtbereich St. Florian im Zuge der Pflichtbereichs\u00fcbung zu einem Wohnhausbrand im Ortzentrum von St. Florian alarmiert.<\/p>\n","protected":false},"author":2,"featured_media":1486,"comment_status":"closed","ping_status":"closed","sticky":false,"template":"","format":"standard","meta":{"_jetpack_memberships_contains_paid_content":false,"footnotes":"","jetpack_publicize_message":"","jetpack_publicize_feature_enabled":true,"jetpack_social_post_already_shared":false,"jetpack_social_options":{"image_generator_settings":{"template":"highway","default_image_id":0,"font":"","enabled":false},"version":2}},"categories":[74],"tags":[85,3,75],"class_list":["post-1480","post","type-post","status-publish","format-standard","has-post-thumbnail","hentry","category-uebungen-ausbildungen","tag-85","tag-brand","tag-uebung-ausbildung"],"jetpack_publicize_connections":[],"jetpack_featured_media_url":"https:\/\/www.feuerwehr-florian.com\/wp-content\/uploads\/2016\/01\/Herbst\u00c3\u00bcbung_030.jpg","jetpack_sharing_enabled":true,"jetpack_likes_enabled":true,"_links":{"self":[{"href":"https:\/\/www.feuerwehr-florian.com\/index.php?rest_route=\/wp\/v2\/posts\/1480","targetHints":{"allow":["GET"]}}],"collection":[{"href":"https:\/\/www.feuerwehr-florian.com\/index.php?rest_route=\/wp\/v2\/posts"}],"about":[{"href":"https:\/\/www.feuerwehr-florian.com\/index.php?rest_route=\/wp\/v2\/types\/post"}],"author":[{"embeddable":true,"href":"https:\/\/www.feuerwehr-florian.com\/index.php?rest_route=\/wp\/v2\/users\/2"}],"replies":[{"embeddable":true,"href":"https:\/\/www.feuerwehr-florian.com\/index.php?rest_route=%2Fwp%2Fv2%2Fcomments&post=1480"}],"version-history":[{"count":1,"href":"https:\/\/www.feuerwehr-florian.com\/index.php?rest_route=\/wp\/v2\/posts\/1480\/revisions"}],"predecessor-version":[{"id":1489,"href":"https:\/\/www.feuerwehr-florian.com\/index.php?rest_route=\/wp\/v2\/posts\/1480\/revisions\/1489"}],"wp:featuredmedia":[{"embeddable":true,"href":"https:\/\/www.feuerwehr-florian.com\/index.php?rest_route=\/wp\/v2\/media\/1486"}],"wp:attachment":[{"href":"https:\/\/www.feuerwehr-florian.com\/index.php?rest_route=%2Fwp%2Fv2%2Fmedia&parent=1480"}],"wp:term":[{"taxonomy":"category","embeddable":true,"href":"https:\/\/www.feuerwehr-florian.com\/index.php?rest_route=%2Fwp%2Fv2%2Fcategories&post=1480"},{"taxonomy":"post_tag","embeddable":true,"href":"https:\/\/www.feuerwehr-florian.com\/index.php?rest_route=%2Fwp%2Fv2%2Ftags&post=1480"}],"curies":[{"name":"wp","href":"https:\/\/api.w.org\/{rel}","templated":true}]}}