{"id":1830,"date":"2013-12-16T10:00:10","date_gmt":"2013-12-16T09:00:10","guid":{"rendered":"http:\/\/wp.feuerwehr-florian.com\/?p=1830"},"modified":"2016-01-15T08:18:10","modified_gmt":"2016-01-15T07:18:10","slug":"hohe-auszeichnungen-des-landes-fuer-feuerwehrkuraten","status":"publish","type":"post","link":"https:\/\/www.feuerwehr-florian.com\/?p=1830","title":{"rendered":"Hohe Auszeichnungen des Landes f\u00fcr Feuerwehrkuraten"},"content":{"rendered":"<p>Bezirksfeuerwehrkurat Propst Johann Holzinger (Feuerwehrmitglieder bei der FF St. Florian) und Landesfeuerwehrkurat Uni. Prof. Dr. Ferdinand Reisinger \u00a0(beide Stift St. Florian) wurden vom Land Ober\u00f6sterreich f\u00fcr ihre Verdienste ausgezeichnet.<\/p>\n<p><!--more--><\/p>\n<div>\n<p>Propst Johann Holzinger erhielt von Landeshauptmann Dr. P\u00fchringer das silberne Ehrenzeichen des Landes Ober\u00f6sterreich. LH Dr. P\u00fchringer betonte, dass diese Auszeichnung die Wertsch\u00e4tzung, den Dank und Anerkennung f\u00fcr die wertvolle Arbeit von Propst Johann Holzinger zum Ausdruck bringen soll. Holzinger ist Initiator vieler Projekte. Vor Allem seine wertvolle Arbeit f\u00fcr die Einsatzkr\u00e4fte als Notfallseelsorger nach schwierigen und belastenden Eins\u00e4tzen, die diese auch vera<span class=\"textexposedshow\">rbeiten m\u00fcssen, muss hier erw\u00e4hnt werden.\u00a0<\/span><\/p>\n<\/div>\n<p><span class=\"textexposedshow\">Landesfeuerwehrkurat Univ. Prof. Dr. Ferdinand Reisinger erhielt f\u00fcr seine vielf\u00e4ltigen T\u00e4tigkeiten, u.a. auch als Landes-Feuerwehrkurat das Goldene Verdienstzeichen des Landes O\u00d6.<\/span><\/p>\n\n\t\t<style type=\"text\/css\">\n\t\t\t#gallery-1 {\n\t\t\t\tmargin: auto;\n\t\t\t}\n\t\t\t#gallery-1 .gallery-item {\n\t\t\t\tfloat: left;\n\t\t\t\tmargin-top: 10px;\n\t\t\t\ttext-align: center;\n\t\t\t\twidth: 33%;\n\t\t\t}\n\t\t\t#gallery-1 img {\n\t\t\t\tborder: 2px solid #cfcfcf;\n\t\t\t}\n\t\t\t#gallery-1 .gallery-caption {\n\t\t\t\tmargin-left: 0;\n\t\t\t}\n\t\t\t\/* see gallery_shortcode() in wp-includes\/media.php *\/\n\t\t<\/style>\n\t\t<div id='gallery-1' class='gallery galleryid-1830 gallery-columns-3 gallery-size-thumbnail'><dl class='gallery-item'>\n\t\t\t<dt class='gallery-icon landscape'>\n\t\t\t\t<a href='https:\/\/www.feuerwehr-florian.com\/wp-content\/uploads\/2016\/01\/Foto_1.jpg' title=\"\" data-rl_title=\"\" class=\"rl-gallery-link\" data-rl_caption=\"\" data-rel=\"lightbox-gallery-1\"><img loading=\"lazy\" decoding=\"async\" width=\"250\" height=\"250\" src=\"https:\/\/www.feuerwehr-florian.com\/wp-content\/uploads\/2016\/01\/Foto_1-250x250.jpg\" class=\"attachment-thumbnail size-thumbnail\" alt=\"\" \/><\/a>\n\t\t\t<\/dt><\/dl><dl class='gallery-item'>\n\t\t\t<dt class='gallery-icon landscape'>\n\t\t\t\t<a href='https:\/\/www.feuerwehr-florian.com\/wp-content\/uploads\/2016\/01\/Foto_2.jpg' title=\"\" data-rl_title=\"\" class=\"rl-gallery-link\" data-rl_caption=\"\" data-rel=\"lightbox-gallery-1\"><img loading=\"lazy\" decoding=\"async\" width=\"250\" height=\"250\" src=\"https:\/\/www.feuerwehr-florian.com\/wp-content\/uploads\/2016\/01\/Foto_2-250x250.jpg\" class=\"attachment-thumbnail size-thumbnail\" alt=\"\" \/><\/a>\n\t\t\t<\/dt><\/dl><dl class='gallery-item'>\n\t\t\t<dt class='gallery-icon landscape'>\n\t\t\t\t<a href='https:\/\/www.feuerwehr-florian.com\/wp-content\/uploads\/2016\/01\/Foto_3.jpg' title=\"\" data-rl_title=\"\" class=\"rl-gallery-link\" data-rl_caption=\"\" data-rel=\"lightbox-gallery-1\"><img loading=\"lazy\" decoding=\"async\" width=\"250\" height=\"250\" src=\"https:\/\/www.feuerwehr-florian.com\/wp-content\/uploads\/2016\/01\/Foto_3-250x250.jpg\" class=\"attachment-thumbnail size-thumbnail\" alt=\"\" \/><\/a>\n\t\t\t<\/dt><\/dl><br style=\"clear: both\" \/>\n\t\t<\/div>\n\n","protected":false},"excerpt":{"rendered":"<p>Bezirksfeuerwehrkurat Propst Johann Holzinger (Feuerwehrmitglieder bei der FF St. Florian) und Landesfeuerwehrkurat Uni. Prof. Dr. Ferdinand Reisinger \u00a0(beide Stift St. Florian) wurden vom Land Ober\u00f6sterreich f\u00fcr ihre Verdienste ausgezeichnet.<\/p>\n","protected":false},"author":2,"featured_media":1832,"comment_status":"closed","ping_status":"closed","sticky":false,"template":"","format":"standard","meta":{"_jetpack_memberships_contains_paid_content":false,"footnotes":"","jetpack_publicize_message":"","jetpack_publicize_feature_enabled":true,"jetpack_social_post_already_shared":false,"jetpack_social_options":{"image_generator_settings":{"template":"highway","default_image_id":0,"font":"","enabled":false},"version":2}},"categories":[1],"tags":[66],"class_list":["post-1830","post","type-post","status-publish","format-standard","has-post-thumbnail","hentry","category-allgemein","tag-66"],"jetpack_publicize_connections":[],"jetpack_featured_media_url":"https:\/\/www.feuerwehr-florian.com\/wp-content\/uploads\/2016\/01\/Foto_2.jpg","jetpack_sharing_enabled":true,"jetpack_likes_enabled":true,"_links":{"self":[{"href":"https:\/\/www.feuerwehr-florian.com\/index.php?rest_route=\/wp\/v2\/posts\/1830","targetHints":{"allow":["GET"]}}],"collection":[{"href":"https:\/\/www.feuerwehr-florian.com\/index.php?rest_route=\/wp\/v2\/posts"}],"about":[{"href":"https:\/\/www.feuerwehr-florian.com\/index.php?rest_route=\/wp\/v2\/types\/post"}],"author":[{"embeddable":true,"href":"https:\/\/www.feuerwehr-florian.com\/index.php?rest_route=\/wp\/v2\/users\/2"}],"replies":[{"embeddable":true,"href":"https:\/\/www.feuerwehr-florian.com\/index.php?rest_route=%2Fwp%2Fv2%2Fcomments&post=1830"}],"version-history":[{"count":1,"href":"https:\/\/www.feuerwehr-florian.com\/index.php?rest_route=\/wp\/v2\/posts\/1830\/revisions"}],"predecessor-version":[{"id":1834,"href":"https:\/\/www.feuerwehr-florian.com\/index.php?rest_route=\/wp\/v2\/posts\/1830\/revisions\/1834"}],"wp:featuredmedia":[{"embeddable":true,"href":"https:\/\/www.feuerwehr-florian.com\/index.php?rest_route=\/wp\/v2\/media\/1832"}],"wp:attachment":[{"href":"https:\/\/www.feuerwehr-florian.com\/index.php?rest_route=%2Fwp%2Fv2%2Fmedia&parent=1830"}],"wp:term":[{"taxonomy":"category","embeddable":true,"href":"https:\/\/www.feuerwehr-florian.com\/index.php?rest_route=%2Fwp%2Fv2%2Fcategories&post=1830"},{"taxonomy":"post_tag","embeddable":true,"href":"https:\/\/www.feuerwehr-florian.com\/index.php?rest_route=%2Fwp%2Fv2%2Ftags&post=1830"}],"curies":[{"name":"wp","href":"https:\/\/api.w.org\/{rel}","templated":true}]}}