{"id":1853,"date":"2013-11-29T19:00:28","date_gmt":"2013-11-29T18:00:28","guid":{"rendered":"http:\/\/wp.feuerwehr-florian.com\/?p=1853"},"modified":"2016-01-15T08:18:05","modified_gmt":"2016-01-15T07:18:05","slug":"jahresrueckblick-2013","status":"publish","type":"post","link":"https:\/\/www.feuerwehr-florian.com\/?p=1853","title":{"rendered":"Jahresr\u00fcckblick 2013"},"content":{"rendered":"<p>Bei der 142. Vollversammlung der Marktfeuerwehr konnte die Freiwillige Feuerwehr St. Florian wieder auf ein sehr arbeitsintensives Jahr zur\u00fcckblicken. Brandeins\u00e4tze, Unf\u00e4lle, Hochwasser, Tier- und Menschenbergungen und viele technische Eins\u00e4tze pr\u00e4gten die letzten Monate.<\/p>\n<p><!--more--><\/p>\n<p>Das Jahr 2013 in Zahlen:<br \/>\n23 Brandeins\u00e4tze und 83 technische Eins\u00e4tze wurden geleistet. Daf\u00fcr wurden von 1170 Mann 2079 Einsatzstunden aufgewendet. Alleine beim Hochwasser im Juni dieses Jahres wurden an die 780 Einsatzstunden geleistet.<\/p>\n<p>8 Kommandositzungen wurden abgehalten.<br \/>\nF\u00fcr \u00dcbungen, Bewerbsvorbereitungen, Schulungen und sonstigen Ausbildungs-t\u00e4tigkeiten wurden ca. 6500 Stunden aufgewendet. Bei sonstigen Veranstaltungen, wie unter anderem der Fr\u00fchschoppen am 4. Mai, diversen Brandschutzschulungen und F\u00fchrungen durch unser Feuerwehrhaus, sowie Arbeiten im Feuerwehrhaus wurden zus\u00e4tzlich an die 4970 Stunden geleistet. 660 Stunden wurden f\u00fcr die Jugendarbeit aufgewandt.<\/p>\n<p>F\u00fcr die Aus- und Weiterbildung wurden von unseren Kameraden wertvolle Urlaubstage geopfert und sie besuchten in ihrer Freizeit 39 Lehrg\u00e4nge und Kurse in der Landesfeuerwehrschule.<\/p>\n<p>Das erworbene Wissen wurde dann bei diversen Bewerben unter Beweis gestellt:<br \/>\n49 Leistungsabzeichen in Bronze und Silber legten unsere Feuerwehrmitglieder ab:<\/p>\n<p>Der Mannschaftsstand der Marktfeuerwehr: 112 Mitglieder<br \/>\ndavon 78 Aktive, 25 Mitglieder Reserve und 9 Jugendfeuerwehrmitglieder.<\/p>\n<ul>\n<li>Aus unserer Feuerwehrjugend in den Aktivstand \u00fcbergetreten ist Lucas Angerer.<\/li>\n<li>Neu bei den Aktiven ist Ing. Bernhard Spelitz.(nur Einsatzberechtigt)<\/li>\n<li>Neu bei der Jugendfeuerwehr sind Oliver Strassmayr, Sven Stefely und Alex Brandstetter.<\/li>\n<li>Ausgetreten sind Franz Aspermayr und Andreas Ebner.<\/li>\n<li>Verstorben sind E-HBI Josef Schuhmayer, E-OBI Horst Kemmetm\u00fcller und Ehrenmitglied Karl Brunbauer<\/li>\n<\/ul>\n<p>Auszeichnungen:<br \/>\nF\u00fcr besondere Verdienste im Feuerwehrwesen wurde unserem langj\u00e4hrigen Feuerwehrmitglied E-OBI Georg Windtner vom Bezirkskommandanten OBR Wolfgang Lehner das O\u00d6 Verdienstkreuz in Stufe II verliehen.<\/p>\n<p><strong>Bef\u00f6rderungen:<\/strong><\/p>\n<p>Folgende Kameraden werden bei der Vollversammlung bef\u00f6rdert:<\/p>\n<ul>\n<li>Daniel Koller vom Probefeuerwehrmann zum Feuerwehrmann<\/li>\n<li>Jakob Hajdinjak, Stefan Reslhuber und Anderas Lehner vom Feuerwehrmann zum Oberfeuerwehrmann<\/li>\n<li>Michael Neubauer, Katharina Gro\u00dfalber, Johannes N\u00f6stler, Thomas Thaller, Matthias Windtner und Alexander Winkler vom Oberfeuerwehrmann zum Hauptfeuerwehrmann<\/li>\n<li>Martin Linninger und Winkler Dominik vom Hauptfeuerwehrmann zum L\u00f6schmeister<\/li>\n<li>Mario Hoffelner und Dominik Klein vom L\u00f6schmeister zum Oberl\u00f6schmeister<\/li>\n<li>J\u00fcrgen Jungwirth vom Hauptl\u00f6schmeister zum Brandmeister<\/li>\n<\/ul>\n\n\t\t<style type=\"text\/css\">\n\t\t\t#gallery-1 {\n\t\t\t\tmargin: auto;\n\t\t\t}\n\t\t\t#gallery-1 .gallery-item {\n\t\t\t\tfloat: left;\n\t\t\t\tmargin-top: 10px;\n\t\t\t\ttext-align: center;\n\t\t\t\twidth: 33%;\n\t\t\t}\n\t\t\t#gallery-1 img {\n\t\t\t\tborder: 2px solid #cfcfcf;\n\t\t\t}\n\t\t\t#gallery-1 .gallery-caption {\n\t\t\t\tmargin-left: 0;\n\t\t\t}\n\t\t\t\/* see gallery_shortcode() in wp-includes\/media.php *\/\n\t\t<\/style>\n\t\t<div id='gallery-1' class='gallery galleryid-1853 gallery-columns-3 gallery-size-thumbnail'><dl class='gallery-item'>\n\t\t\t<dt class='gallery-icon landscape'>\n\t\t\t\t<a href='https:\/\/www.feuerwehr-florian.com\/wp-content\/uploads\/2016\/01\/20131122-8689.jpg' title=\"\" data-rl_title=\"\" class=\"rl-gallery-link\" data-rl_caption=\"\" data-rel=\"lightbox-gallery-1\"><img loading=\"lazy\" decoding=\"async\" width=\"250\" height=\"250\" src=\"https:\/\/www.feuerwehr-florian.com\/wp-content\/uploads\/2016\/01\/20131122-8689-250x250.jpg\" class=\"attachment-thumbnail size-thumbnail\" alt=\"\" aria-describedby=\"gallery-1-1854\" \/><\/a>\n\t\t\t<\/dt>\n\t\t\t\t<dd class='wp-caption-text gallery-caption' id='gallery-1-1854'>\n\t\t\t\tPortraitfotos der  Feuerwehrmitglieder der FF St. Florian\n\t\t\t\t<\/dd><\/dl><dl class='gallery-item'>\n\t\t\t<dt class='gallery-icon landscape'>\n\t\t\t\t<a href='https:\/\/www.feuerwehr-florian.com\/wp-content\/uploads\/2016\/01\/20131122-8698.jpg' title=\"\" data-rl_title=\"\" class=\"rl-gallery-link\" data-rl_caption=\"\" data-rel=\"lightbox-gallery-1\"><img loading=\"lazy\" decoding=\"async\" width=\"250\" height=\"250\" src=\"https:\/\/www.feuerwehr-florian.com\/wp-content\/uploads\/2016\/01\/20131122-8698-250x250.jpg\" class=\"attachment-thumbnail size-thumbnail\" alt=\"\" aria-describedby=\"gallery-1-1855\" \/><\/a>\n\t\t\t<\/dt>\n\t\t\t\t<dd class='wp-caption-text gallery-caption' id='gallery-1-1855'>\n\t\t\t\tPortraitfotos der  Feuerwehrmitglieder der FF St. Florian\n\t\t\t\t<\/dd><\/dl><dl class='gallery-item'>\n\t\t\t<dt class='gallery-icon portrait'>\n\t\t\t\t<a href='https:\/\/www.feuerwehr-florian.com\/wp-content\/uploads\/2016\/01\/20131122-8716.jpg' title=\"\" data-rl_title=\"\" class=\"rl-gallery-link\" data-rl_caption=\"\" data-rel=\"lightbox-gallery-1\"><img loading=\"lazy\" decoding=\"async\" width=\"250\" height=\"250\" src=\"https:\/\/www.feuerwehr-florian.com\/wp-content\/uploads\/2016\/01\/20131122-8716-250x250.jpg\" class=\"attachment-thumbnail size-thumbnail\" alt=\"\" aria-describedby=\"gallery-1-1856\" \/><\/a>\n\t\t\t<\/dt>\n\t\t\t\t<dd class='wp-caption-text gallery-caption' id='gallery-1-1856'>\n\t\t\t\tPortraitfotos der  Feuerwehrmitglieder der FF St. Florian\n\t\t\t\t<\/dd><\/dl><br style=\"clear: both\" \/><dl class='gallery-item'>\n\t\t\t<dt class='gallery-icon landscape'>\n\t\t\t\t<a href='https:\/\/www.feuerwehr-florian.com\/wp-content\/uploads\/2016\/01\/20131122-8727.jpg' title=\"\" data-rl_title=\"\" class=\"rl-gallery-link\" data-rl_caption=\"\" data-rel=\"lightbox-gallery-1\"><img loading=\"lazy\" decoding=\"async\" width=\"250\" height=\"250\" src=\"https:\/\/www.feuerwehr-florian.com\/wp-content\/uploads\/2016\/01\/20131122-8727-250x250.jpg\" class=\"attachment-thumbnail size-thumbnail\" alt=\"\" aria-describedby=\"gallery-1-1857\" \/><\/a>\n\t\t\t<\/dt>\n\t\t\t\t<dd class='wp-caption-text gallery-caption' id='gallery-1-1857'>\n\t\t\t\tPortraitfotos der  Feuerwehrmitglieder der FF St. Florian\n\t\t\t\t<\/dd><\/dl><dl class='gallery-item'>\n\t\t\t<dt class='gallery-icon landscape'>\n\t\t\t\t<a href='https:\/\/www.feuerwehr-florian.com\/wp-content\/uploads\/2016\/01\/20131122-8729.jpg' title=\"\" data-rl_title=\"\" class=\"rl-gallery-link\" data-rl_caption=\"\" data-rel=\"lightbox-gallery-1\"><img loading=\"lazy\" decoding=\"async\" width=\"250\" height=\"250\" src=\"https:\/\/www.feuerwehr-florian.com\/wp-content\/uploads\/2016\/01\/20131122-8729-250x250.jpg\" class=\"attachment-thumbnail size-thumbnail\" alt=\"\" aria-describedby=\"gallery-1-1858\" \/><\/a>\n\t\t\t<\/dt>\n\t\t\t\t<dd class='wp-caption-text gallery-caption' id='gallery-1-1858'>\n\t\t\t\tPortraitfotos der  Feuerwehrmitglieder der FF St. Florian\n\t\t\t\t<\/dd><\/dl>\n\t\t\t<br style='clear: both' \/>\n\t\t<\/div>\n\n","protected":false},"excerpt":{"rendered":"<p>Bei der 142. Vollversammlung der Marktfeuerwehr konnte die Freiwillige Feuerwehr St. Florian wieder auf ein sehr arbeitsintensives Jahr zur\u00fcckblicken. Brandeins\u00e4tze, Unf\u00e4lle, Hochwasser, Tier- und Menschenbergungen und viele technische Eins\u00e4tze pr\u00e4gten die letzten Monate.<\/p>\n","protected":false},"author":2,"featured_media":1855,"comment_status":"closed","ping_status":"closed","sticky":false,"template":"","format":"standard","meta":{"_jetpack_memberships_contains_paid_content":false,"footnotes":"","jetpack_publicize_message":"","jetpack_publicize_feature_enabled":true,"jetpack_social_post_already_shared":false,"jetpack_social_options":{"image_generator_settings":{"template":"highway","default_image_id":0,"font":"","enabled":false},"version":2}},"categories":[1],"tags":[66],"class_list":["post-1853","post","type-post","status-publish","format-standard","has-post-thumbnail","hentry","category-allgemein","tag-66"],"jetpack_publicize_connections":[],"jetpack_featured_media_url":"https:\/\/www.feuerwehr-florian.com\/wp-content\/uploads\/2016\/01\/20131122-8698.jpg","jetpack_sharing_enabled":true,"jetpack_likes_enabled":true,"_links":{"self":[{"href":"https:\/\/www.feuerwehr-florian.com\/index.php?rest_route=\/wp\/v2\/posts\/1853","targetHints":{"allow":["GET"]}}],"collection":[{"href":"https:\/\/www.feuerwehr-florian.com\/index.php?rest_route=\/wp\/v2\/posts"}],"about":[{"href":"https:\/\/www.feuerwehr-florian.com\/index.php?rest_route=\/wp\/v2\/types\/post"}],"author":[{"embeddable":true,"href":"https:\/\/www.feuerwehr-florian.com\/index.php?rest_route=\/wp\/v2\/users\/2"}],"replies":[{"embeddable":true,"href":"https:\/\/www.feuerwehr-florian.com\/index.php?rest_route=%2Fwp%2Fv2%2Fcomments&post=1853"}],"version-history":[{"count":1,"href":"https:\/\/www.feuerwehr-florian.com\/index.php?rest_route=\/wp\/v2\/posts\/1853\/revisions"}],"predecessor-version":[{"id":1859,"href":"https:\/\/www.feuerwehr-florian.com\/index.php?rest_route=\/wp\/v2\/posts\/1853\/revisions\/1859"}],"wp:featuredmedia":[{"embeddable":true,"href":"https:\/\/www.feuerwehr-florian.com\/index.php?rest_route=\/wp\/v2\/media\/1855"}],"wp:attachment":[{"href":"https:\/\/www.feuerwehr-florian.com\/index.php?rest_route=%2Fwp%2Fv2%2Fmedia&parent=1853"}],"wp:term":[{"taxonomy":"category","embeddable":true,"href":"https:\/\/www.feuerwehr-florian.com\/index.php?rest_route=%2Fwp%2Fv2%2Fcategories&post=1853"},{"taxonomy":"post_tag","embeddable":true,"href":"https:\/\/www.feuerwehr-florian.com\/index.php?rest_route=%2Fwp%2Fv2%2Ftags&post=1853"}],"curies":[{"name":"wp","href":"https:\/\/api.w.org\/{rel}","templated":true}]}}