{"id":1932,"date":"2012-11-23T19:00:59","date_gmt":"2012-11-23T18:00:59","guid":{"rendered":"http:\/\/wp.feuerwehr-florian.com\/?p=1932"},"modified":"2024-11-26T23:22:13","modified_gmt":"2024-11-26T22:22:13","slug":"jahreshauptversammlung-2012","status":"publish","type":"post","link":"https:\/\/www.feuerwehr-florian.com\/?p=1932","title":{"rendered":"Jahreshauptversammlung 2012"},"content":{"rendered":"<p>Am 23. November 2012 fand die j\u00e4hrliche Jahreshauptversammlung der FF St. Florian im Gasthaus Wimhofer statt.<\/p>\n<p><!--more--><\/p>\n<p><strong>22 Brandeins\u00e4tze und 62 technische Eins\u00e4tze<\/strong> wurden geleistet. Daf\u00fcr wurden von 1094 Mann 1140 Einsatzstunden aufgewendet.<\/p>\n<p><strong>5 Kommandositzungen<\/strong> wurden abgehalten.<\/p>\n<p><strong>57 \u00dcbungen<\/strong> wurden abgehalten. Neben den Dienstags\u00fcbungen nahmen unsere Feuerwehrm\u00e4nner an mehreren \u00fcberregionalen GS \u00dcbungen, Funk\u00fcbungen und zahlreichen Einsatz\u00fcbungen im Abschnitt und Bezirk teil.<\/p>\n<p>Von einigen Florianer Firmen wurde auch dieses Jahr wieder das Angebot der Feuerwehr zur Durchf\u00fchrung vorbeugender Brandschutz\u00fcbungen angenommen.<\/p>\n<p>Auch f\u00fcr den Kindergarten und die Schulen wird jedes Jahr ein Besuch in der Einsatzzentrale organisiert. Die Kinder freuen sich \u00fcber einen erlebnisreichen Tag bei der Feuerwehr. Wie alle 2 Jahre wurde auch dieses Jahr eine Feuerl\u00f6scher\u00fcberpr\u00fcfung durchgef\u00fchrt. Die Herbst\u00fcbung fand am 6. Oktober 2012 in der Landwirtschaftsschule statt. \u00dcbungsannahme waren mehrere Brandherde im Geb\u00e4ude und es mussten 40 eingeschlossene Sch\u00fcler befreit werden. Die \u00dcbung wurde als Alarmstufe 2 \u00dcbung von der Marktfeuerwehr organisiert. Insgesamt 9 Feuerwehren mit 140 Mann und 25 Mitarbeitern des Roten Kreuzes nahmen an dieser Gro\u00df\u00fcbung teil.<\/p>\n<p><strong>Von den Feuerwehrmitgliedern wurden<\/strong> <strong>45<\/strong> <strong>Kurse und Lehrg\u00e4nge besucht sowie<\/strong><\/p>\n<p><strong>52 Leistungsabzeichen abgelegt.<\/strong><\/p>\n<p>\u00dcber <strong>4200 Stunden<\/strong> wurden von den Kameraden der Marktfeuerwehr im Jahr 2012 bei \u00dcbungen, Ausbildungen und Schulungen aufgewendet. Bei sonstigen Veranstaltungen wie unter anderem der Fr\u00fchschoppen am 4. Mai, die Feuerl\u00f6scher\u00fcberpr\u00fcfung, die 140 Jahrfeier der FF St. Florian, diversen Brandschutzschulungen und F\u00fchrungen durch unser Feuerwehrhaus sowie Arbeiten im Feuerwehrhaus wurden zus\u00e4tzlich an die <strong>4350 Stunden<\/strong> geleistet. <strong>490 Stunden<\/strong> wurden f\u00fcr die Jugendarbeit aufgewandt.<\/p>\n<p><strong>\u00dcber 10.000 Stunden wurden im Jahr 2012 von den Mitgliedern der Feuerwehr St. Florian geleistet. <\/strong><\/p>\n<p><strong>Mannschaftsstand am 23. November 2012:<\/strong><\/p>\n<p>111 Mitglieder<\/p>\n<p>davon 80 Aktive, 24 Mitglieder Reserve und 7 Jugendfeuerwehrmitglieder.<\/p>\n<p>\u00b7\u00a0\u00a0\u00a0\u00a0\u00a0\u00a0\u00a0\u00a0\u00a0\u00a0\u00a0\u00a0\u00a0 Aus unserer Feuerwehrjugend in den Aktivstand \u00fcbergetreten ist David \u00a0Brazda<\/p>\n<p>\u00b7\u00a0\u00a0\u00a0\u00a0\u00a0\u00a0\u00a0\u00a0\u00a0\u00a0\u00a0\u00a0\u00a0 Neu bei den Aktiven sind Dr. Johannes Baumgartner und Daniel Koller<\/p>\n<p>\u00b7\u00a0\u00a0\u00a0\u00a0\u00a0\u00a0\u00a0\u00a0\u00a0\u00a0\u00a0\u00a0\u00a0 Neu bei der Jugendfeuerwehr ist Eric Stefely<\/p>\n<p><strong>Bef\u00f6rderungen:<\/strong><\/p>\n<p>Laut Kommandobeschluss wurden folgende Mitglieder bef\u00f6rdert:<\/p>\n<ul>\n<li>Vorgestellt wurde JFM Eric Stefely<\/li>\n<li>Vorgestellt wurde PFM Daniel Koller<\/li>\n<li>Vorgestellt und angelobt wurde FA Dr. Johannes Baumgartner<\/li>\n<li>Angelobt und zum FM bef\u00f6rdert wurde JFM David Brazda<\/li>\n<\/ul>\n<ul>\n<li>Vom FM zum OF wurden Thomas Baier, Christof Denk, Fabian Forster, Jakob K\u00f6hler, Michael M\u00fchlbachler, Paul Primus und Andreas Standhartinger bef\u00f6rdert.<\/li>\n<li>Vom OFM zum HFM wurden Nikolaus Fuchs und Simon Windtner bef\u00f6rdert<\/li>\n<li>Vom HFM zum LM wurden Dejan Bosanac, Simon Bauernberger, Philipp Fuchs, Joachim Meissl und Michael Reich\u00f6r bef\u00f6rdert <strong>\u00a0<\/strong><\/li>\n<\/ul>\n<p><strong>Neues Ehrenmitglied:<\/strong><\/p>\n<p>Als <strong>neues Ehrenmitglied<\/strong> wurde Landesfeuerwehrkurat <strong>Ferdinand Reisinger<\/strong> in unsere Mitte aufgenommen.<\/p>\n<p><strong>Bericht des Jugendwartes:<\/strong><\/p>\n<p>Zur Zeit sind <strong>7 Jugendfeuerwehrmitglieder<\/strong> bei der Marktfeuerwehr aktiv.<\/p>\n<p>1 neues Mitglied trat im September 2012 bei der Jugendfeuerwehr ein.<\/p>\n<p><strong>45 Gruppenstunden und Veranstaltungen wurden abgehalten.<\/strong><\/p>\n<p><strong>Ablegung des goldenen Leistungsabzeichens<\/strong><\/p>\n<p>Jugendfeuerwehrmitglied David Brazda bestand das goldene Jugendleistungsabzeichen.<\/p>\n<p><strong>Ablegung von Erprobungen<\/strong><\/p>\n<p>Lucas Angerer legte bereits die 4. Erprobung ab. Elias Windtner und Jonas Epner legten die 3. Erprobung ab. Michael Reslhuber legte die 2. Erprobung ab. Niklas Hagm\u00fcller und Christoph Jungmair legten die erste Erprobung ab.<\/p>\n\n\t\t<style type=\"text\/css\">\n\t\t\t#gallery-1 {\n\t\t\t\tmargin: auto;\n\t\t\t}\n\t\t\t#gallery-1 .gallery-item {\n\t\t\t\tfloat: left;\n\t\t\t\tmargin-top: 10px;\n\t\t\t\ttext-align: center;\n\t\t\t\twidth: 33%;\n\t\t\t}\n\t\t\t#gallery-1 img {\n\t\t\t\tborder: 2px solid #cfcfcf;\n\t\t\t}\n\t\t\t#gallery-1 .gallery-caption {\n\t\t\t\tmargin-left: 0;\n\t\t\t}\n\t\t\t\/* see gallery_shortcode() in wp-includes\/media.php *\/\n\t\t<\/style>\n\t\t<div id='gallery-1' class='gallery galleryid-1932 gallery-columns-3 gallery-size-thumbnail'><dl class='gallery-item'>\n\t\t\t<dt class='gallery-icon landscape'>\n\t\t\t\t<a href='https:\/\/www.feuerwehr-florian.com\/wp-content\/uploads\/2016\/01\/2.-Erprobung-1.jpg' title=\"\" data-rl_title=\"\" class=\"rl-gallery-link\" data-rl_caption=\"\" data-rel=\"lightbox-gallery-1\"><img loading=\"lazy\" decoding=\"async\" width=\"250\" height=\"250\" src=\"https:\/\/www.feuerwehr-florian.com\/wp-content\/uploads\/2016\/01\/2.-Erprobung-1-250x250.jpg\" class=\"attachment-thumbnail size-thumbnail\" alt=\"\" \/><\/a>\n\t\t\t<\/dt><\/dl><dl class='gallery-item'>\n\t\t\t<dt class='gallery-icon landscape'>\n\t\t\t\t<a href='https:\/\/www.feuerwehr-florian.com\/wp-content\/uploads\/2016\/01\/3.-Erprobung.jpg' title=\"\" data-rl_title=\"\" class=\"rl-gallery-link\" data-rl_caption=\"\" data-rel=\"lightbox-gallery-1\"><img loading=\"lazy\" decoding=\"async\" width=\"250\" height=\"250\" src=\"https:\/\/www.feuerwehr-florian.com\/wp-content\/uploads\/2016\/01\/3.-Erprobung-250x250.jpg\" class=\"attachment-thumbnail size-thumbnail\" alt=\"\" \/><\/a>\n\t\t\t<\/dt><\/dl><dl class='gallery-item'>\n\t\t\t<dt class='gallery-icon landscape'>\n\t\t\t\t<a href='https:\/\/www.feuerwehr-florian.com\/wp-content\/uploads\/2016\/01\/4.-Erprobung.jpg' title=\"\" data-rl_title=\"\" class=\"rl-gallery-link\" data-rl_caption=\"\" data-rel=\"lightbox-gallery-1\"><img loading=\"lazy\" decoding=\"async\" width=\"250\" height=\"250\" src=\"https:\/\/www.feuerwehr-florian.com\/wp-content\/uploads\/2016\/01\/4.-Erprobung-250x250.jpg\" class=\"attachment-thumbnail size-thumbnail\" alt=\"\" \/><\/a>\n\t\t\t<\/dt><\/dl><br style=\"clear: both\" \/><dl class='gallery-item'>\n\t\t\t<dt class='gallery-icon landscape'>\n\t\t\t\t<a href='https:\/\/www.feuerwehr-florian.com\/wp-content\/uploads\/2016\/01\/Angelobungen.jpg' title=\"\" data-rl_title=\"\" class=\"rl-gallery-link\" data-rl_caption=\"\" data-rel=\"lightbox-gallery-1\"><img loading=\"lazy\" decoding=\"async\" width=\"250\" height=\"250\" src=\"https:\/\/www.feuerwehr-florian.com\/wp-content\/uploads\/2016\/01\/Angelobungen-250x250.jpg\" class=\"attachment-thumbnail size-thumbnail\" alt=\"\" \/><\/a>\n\t\t\t<\/dt><\/dl><dl class='gallery-item'>\n\t\t\t<dt class='gallery-icon landscape'>\n\t\t\t\t<a href='https:\/\/www.feuerwehr-florian.com\/wp-content\/uploads\/2016\/01\/DSC_0743.jpg' title=\"\" data-rl_title=\"\" class=\"rl-gallery-link\" data-rl_caption=\"\" data-rel=\"lightbox-gallery-1\"><img loading=\"lazy\" decoding=\"async\" width=\"250\" height=\"250\" src=\"https:\/\/www.feuerwehr-florian.com\/wp-content\/uploads\/2016\/01\/DSC_0743-250x250.jpg\" class=\"attachment-thumbnail size-thumbnail\" alt=\"\" \/><\/a>\n\t\t\t<\/dt><\/dl><dl class='gallery-item'>\n\t\t\t<dt class='gallery-icon portrait'>\n\t\t\t\t<a href='https:\/\/www.feuerwehr-florian.com\/wp-content\/uploads\/2016\/01\/neue-ff-Jugend-1.-Erprobung.jpg' title=\"\" data-rl_title=\"\" class=\"rl-gallery-link\" data-rl_caption=\"\" data-rel=\"lightbox-gallery-1\"><img loading=\"lazy\" decoding=\"async\" width=\"250\" height=\"250\" src=\"https:\/\/www.feuerwehr-florian.com\/wp-content\/uploads\/2016\/01\/neue-ff-Jugend-1.-Erprobung-250x250.jpg\" class=\"attachment-thumbnail size-thumbnail\" alt=\"\" \/><\/a>\n\t\t\t<\/dt><\/dl><br style=\"clear: both\" \/><dl class='gallery-item'>\n\t\t\t<dt class='gallery-icon landscape'>\n\t\t\t\t<a href='https:\/\/www.feuerwehr-florian.com\/wp-content\/uploads\/2016\/01\/neuer-FF-Arzt.jpg' title=\"\" data-rl_title=\"\" class=\"rl-gallery-link\" data-rl_caption=\"\" data-rel=\"lightbox-gallery-1\"><img loading=\"lazy\" decoding=\"async\" width=\"250\" height=\"250\" src=\"https:\/\/www.feuerwehr-florian.com\/wp-content\/uploads\/2016\/01\/neuer-FF-Arzt-250x250.jpg\" class=\"attachment-thumbnail size-thumbnail\" alt=\"\" \/><\/a>\n\t\t\t<\/dt><\/dl><dl class='gallery-item'>\n\t\t\t<dt class='gallery-icon landscape'>\n\t\t\t\t<a href='https:\/\/www.feuerwehr-florian.com\/wp-content\/uploads\/2016\/01\/neues-Ehrenmitglied-.jpg' title=\"\" data-rl_title=\"\" class=\"rl-gallery-link\" data-rl_caption=\"\" data-rel=\"lightbox-gallery-1\"><img loading=\"lazy\" decoding=\"async\" width=\"250\" height=\"250\" src=\"https:\/\/www.feuerwehr-florian.com\/wp-content\/uploads\/2016\/01\/neues-Ehrenmitglied--250x250.jpg\" class=\"attachment-thumbnail size-thumbnail\" alt=\"\" \/><\/a>\n\t\t\t<\/dt><\/dl>\n\t\t\t<br style='clear: both' \/>\n\t\t<\/div>\n\n","protected":false},"excerpt":{"rendered":"<p>Am 23. November 2012 fand die j\u00e4hrliche Jahreshauptversammlung der FF St. Florian im Gasthaus Wimhofer statt.<\/p>\n","protected":false},"author":2,"featured_media":1934,"comment_status":"closed","ping_status":"closed","sticky":false,"template":"","format":"standard","meta":{"_jetpack_memberships_contains_paid_content":false,"footnotes":"","jetpack_publicize_message":"","jetpack_publicize_feature_enabled":true,"jetpack_social_post_already_shared":false,"jetpack_social_options":{"image_generator_settings":{"template":"highway","default_image_id":0,"font":"","enabled":false},"version":2}},"categories":[223],"tags":[84],"class_list":["post-1932","post","type-post","status-publish","format-standard","has-post-thumbnail","hentry","category-veranstaltung","tag-84"],"jetpack_publicize_connections":[],"jetpack_featured_media_url":"https:\/\/www.feuerwehr-florian.com\/wp-content\/uploads\/2016\/01\/3.-Erprobung.jpg","jetpack_sharing_enabled":true,"jetpack_likes_enabled":true,"_links":{"self":[{"href":"https:\/\/www.feuerwehr-florian.com\/index.php?rest_route=\/wp\/v2\/posts\/1932","targetHints":{"allow":["GET"]}}],"collection":[{"href":"https:\/\/www.feuerwehr-florian.com\/index.php?rest_route=\/wp\/v2\/posts"}],"about":[{"href":"https:\/\/www.feuerwehr-florian.com\/index.php?rest_route=\/wp\/v2\/types\/post"}],"author":[{"embeddable":true,"href":"https:\/\/www.feuerwehr-florian.com\/index.php?rest_route=\/wp\/v2\/users\/2"}],"replies":[{"embeddable":true,"href":"https:\/\/www.feuerwehr-florian.com\/index.php?rest_route=%2Fwp%2Fv2%2Fcomments&post=1932"}],"version-history":[{"count":1,"href":"https:\/\/www.feuerwehr-florian.com\/index.php?rest_route=\/wp\/v2\/posts\/1932\/revisions"}],"predecessor-version":[{"id":1941,"href":"https:\/\/www.feuerwehr-florian.com\/index.php?rest_route=\/wp\/v2\/posts\/1932\/revisions\/1941"}],"wp:featuredmedia":[{"embeddable":true,"href":"https:\/\/www.feuerwehr-florian.com\/index.php?rest_route=\/wp\/v2\/media\/1934"}],"wp:attachment":[{"href":"https:\/\/www.feuerwehr-florian.com\/index.php?rest_route=%2Fwp%2Fv2%2Fmedia&parent=1932"}],"wp:term":[{"taxonomy":"category","embeddable":true,"href":"https:\/\/www.feuerwehr-florian.com\/index.php?rest_route=%2Fwp%2Fv2%2Fcategories&post=1932"},{"taxonomy":"post_tag","embeddable":true,"href":"https:\/\/www.feuerwehr-florian.com\/index.php?rest_route=%2Fwp%2Fv2%2Ftags&post=1932"}],"curies":[{"name":"wp","href":"https:\/\/api.w.org\/{rel}","templated":true}]}}