{"id":2432,"date":"2010-03-11T18:00:44","date_gmt":"2010-03-11T17:00:44","guid":{"rendered":"http:\/\/wp.feuerwehr-florian.com\/?p=2432"},"modified":"2024-11-26T23:23:20","modified_gmt":"2024-11-26T22:23:20","slug":"bezirkstagung-in-hoersching-auszeichnung-fuer-jugendfeuerwehrmitglied","status":"publish","type":"post","link":"https:\/\/www.feuerwehr-florian.com\/?p=2432","title":{"rendered":"Bezirkstagung in H\u00f6rsching &#8211; Auszeichnung f\u00fcr Jugendfeuerwehrmitglied"},"content":{"rendered":"<p>Die diesj\u00e4hrige Bezirkstagung fand am 11. M\u00e4rz im Veranstaltungszentrum in H\u00f6rsching statt.<\/p>\n<p><!--more--><\/p>\n<p>Eine Abordnung der Feuerwehr St. Florian &#8211; darunter auch Jugendfeuerwehrmitglied David Brazda &#8211; nahm daran teil. JFM David Brazda wurde dabei f\u00fcr seinen 2. Platz beim Wissenstest in Silber gratuliert und mit einer Medaille ausgezeichnet. Weiters wurde der Florianer Polizist Ignatz Haudum mit der Feuerwehr-Bezirksmedaille in Bronze ausgezeichnet.<\/p>\n<p>Einen weiteren Bericht\u00a0mit zahlreichen Fotos finden Sie <strong><a href=\"http:\/\/ll.ooelfv.at\/aktuell\/bezirkstagung-2010\" target=\"_blank\">hier<\/a><\/strong>.<\/p>\n<p><img loading=\"lazy\" decoding=\"async\" class=\"size-full wp-image-2433\" src=\"http:\/\/wp.feuerwehr-florian.com\/wp-content\/uploads\/2016\/01\/PICT4276.jpg\" alt=\"KONICA MINOLTA DIGITAL CAMERA\" width=\"768\" height=\"511\" srcset=\"https:\/\/www.feuerwehr-florian.com\/wp-content\/uploads\/2016\/01\/PICT4276.jpg 768w, https:\/\/www.feuerwehr-florian.com\/wp-content\/uploads\/2016\/01\/PICT4276-600x399.jpg 600w, https:\/\/www.feuerwehr-florian.com\/wp-content\/uploads\/2016\/01\/PICT4276-300x200.jpg 300w, https:\/\/www.feuerwehr-florian.com\/wp-content\/uploads\/2016\/01\/PICT4276-450x300.jpg 450w\" sizes=\"auto, (max-width: 768px) 100vw, 768px\" \/><\/p>\n","protected":false},"excerpt":{"rendered":"<p>Die diesj\u00e4hrige Bezirkstagung fand am 11. M\u00e4rz im Veranstaltungszentrum in H\u00f6rsching statt.<\/p>\n","protected":false},"author":2,"featured_media":2433,"comment_status":"closed","ping_status":"closed","sticky":false,"template":"","format":"standard","meta":{"_jetpack_memberships_contains_paid_content":false,"footnotes":"","jetpack_publicize_message":"","jetpack_publicize_feature_enabled":true,"jetpack_social_post_already_shared":false,"jetpack_social_options":{"image_generator_settings":{"template":"highway","default_image_id":0,"font":"","enabled":false},"version":2}},"categories":[223],"tags":[86],"class_list":["post-2432","post","type-post","status-publish","format-standard","has-post-thumbnail","hentry","category-veranstaltung","tag-86"],"jetpack_publicize_connections":[],"jetpack_featured_media_url":"https:\/\/www.feuerwehr-florian.com\/wp-content\/uploads\/2016\/01\/PICT4276.jpg","jetpack_sharing_enabled":true,"jetpack_likes_enabled":true,"_links":{"self":[{"href":"https:\/\/www.feuerwehr-florian.com\/index.php?rest_route=\/wp\/v2\/posts\/2432","targetHints":{"allow":["GET"]}}],"collection":[{"href":"https:\/\/www.feuerwehr-florian.com\/index.php?rest_route=\/wp\/v2\/posts"}],"about":[{"href":"https:\/\/www.feuerwehr-florian.com\/index.php?rest_route=\/wp\/v2\/types\/post"}],"author":[{"embeddable":true,"href":"https:\/\/www.feuerwehr-florian.com\/index.php?rest_route=\/wp\/v2\/users\/2"}],"replies":[{"embeddable":true,"href":"https:\/\/www.feuerwehr-florian.com\/index.php?rest_route=%2Fwp%2Fv2%2Fcomments&post=2432"}],"version-history":[{"count":1,"href":"https:\/\/www.feuerwehr-florian.com\/index.php?rest_route=\/wp\/v2\/posts\/2432\/revisions"}],"predecessor-version":[{"id":2434,"href":"https:\/\/www.feuerwehr-florian.com\/index.php?rest_route=\/wp\/v2\/posts\/2432\/revisions\/2434"}],"wp:featuredmedia":[{"embeddable":true,"href":"https:\/\/www.feuerwehr-florian.com\/index.php?rest_route=\/wp\/v2\/media\/2433"}],"wp:attachment":[{"href":"https:\/\/www.feuerwehr-florian.com\/index.php?rest_route=%2Fwp%2Fv2%2Fmedia&parent=2432"}],"wp:term":[{"taxonomy":"category","embeddable":true,"href":"https:\/\/www.feuerwehr-florian.com\/index.php?rest_route=%2Fwp%2Fv2%2Fcategories&post=2432"},{"taxonomy":"post_tag","embeddable":true,"href":"https:\/\/www.feuerwehr-florian.com\/index.php?rest_route=%2Fwp%2Fv2%2Ftags&post=2432"}],"curies":[{"name":"wp","href":"https:\/\/api.w.org\/{rel}","templated":true}]}}