{"id":2441,"date":"2009-11-21T19:00:14","date_gmt":"2009-11-21T18:00:14","guid":{"rendered":"http:\/\/wp.feuerwehr-florian.com\/?p=2441"},"modified":"2024-11-26T23:22:13","modified_gmt":"2024-11-26T22:22:13","slug":"jahreshauptversammlung-2009","status":"publish","type":"post","link":"https:\/\/www.feuerwehr-florian.com\/?p=2441","title":{"rendered":"Jahreshauptversammlung 2009"},"content":{"rendered":"<p>Zu der diesj\u00e4hrigen Jahreshauptversammlung fanden sich 78 Feuerwehrmitglieder im Gasthaus Wimhofer ein. 29 Brandeins\u00e4tze und 163 technische Eins\u00e4tze wurden im Arbeitsjahr 2009 (Nov. 2008 &#8211; Nov. 2009) geleistet. Daf\u00fcr wurden von 1252 Mann 2678 Einsatzstunden aufgewendet. Bei den Unwettereins\u00e4tzen im Juli wurden alleine 77 Eins\u00e4tze mit 919 Stunden geleistet.<\/p>\n<p><!--more--><\/p>\n<p>6 Kommandositzungen wurden abgehalten.<\/p>\n<p>58 \u00dcbungen wurden abgehalten. Neben den Dienstags\u00fcbungen nahmen unsere Feuerwehrm\u00e4nner an mehreren \u00fcberregionalen \u00dcbungen teil. Die GSF- \u00dcbungen und Schulungen wurden weiter forciert.Der Abschnittsbewerb wurde im Juni dieses Jahres in St. Florian ausgetragen. Gemeinsam mit den Feuerwehren Hausleiten und Rohrbach wurde diese Veranstaltung organisiert.Eine Bewerbsgruppe legte das Feuerwehrleistungsabzeichen in Bronze und Silber ab. Weiters wurden von einigen Kameraden das Funkleistungsabzeichen in Silber und Gold, sowie das Atemschutzleistungsabzeichen in Bronze und Silber abgelegt.<\/p>\n<p>Vorbeugende Brandschutz-Schulungen f\u00fcr Firmen wurden auch dieses Jahr abgehalten.<\/p>\n<p>An die 3100 Stunden wurden von den Kameraden der Marktfeuerwehr im Jahr 2009 bei \u00dcbungen aufgewendet. Bei sonstigen Veranstaltungen und Arbeiten im Feuerwehrhaus wurden ebenfalls an die 3000 Stunden geleistet.<\/p>\n<p>Bef\u00f6rderungen:<\/p>\n<ul>\n<li>Angelobt und zum Feuerwehrmann bef\u00f6rdert werden: Katharina Gro\u00dfalber, Michael Neubauer, Mathias Windtner, Alexander Winkler und Johannes N\u00f6stler.<\/li>\n<li>Vom Feuerwehmann zum Oberfeuerwehrmann bef\u00f6rdert werden: Ulrich Mayr und Dominic Winkler.<\/li>\n<li>Vom Oberfeuerwehrmann zum Hauptfeuerwehrmann bef\u00f6rdert wird Bernadette Hametner.<\/li>\n<li>Vom Oberl\u00f6schmeister zum Hauptl\u00f6schmeister bef\u00f6rdert wird Rainer Schatzl.<\/li>\n<li>Der neue Jahresterminplan f\u00fcr 2010 wird bei der Vollversammlung ausgeteilt.<\/li>\n<li>\n\t\t<style type=\"text\/css\">\n\t\t\t#gallery-1 {\n\t\t\t\tmargin: auto;\n\t\t\t}\n\t\t\t#gallery-1 .gallery-item {\n\t\t\t\tfloat: left;\n\t\t\t\tmargin-top: 10px;\n\t\t\t\ttext-align: center;\n\t\t\t\twidth: 33%;\n\t\t\t}\n\t\t\t#gallery-1 img {\n\t\t\t\tborder: 2px solid #cfcfcf;\n\t\t\t}\n\t\t\t#gallery-1 .gallery-caption {\n\t\t\t\tmargin-left: 0;\n\t\t\t}\n\t\t\t\/* see gallery_shortcode() in wp-includes\/media.php *\/\n\t\t<\/style>\n\t\t<div id='gallery-1' class='gallery galleryid-2441 gallery-columns-3 gallery-size-thumbnail'><dl class='gallery-item'>\n\t\t\t<dt class='gallery-icon landscape'>\n\t\t\t\t<a href='https:\/\/www.feuerwehr-florian.com\/wp-content\/uploads\/2016\/01\/DSCN0081.jpg' title=\"\" data-rl_title=\"\" class=\"rl-gallery-link\" data-rl_caption=\"\" data-rel=\"lightbox-gallery-1\"><img loading=\"lazy\" decoding=\"async\" width=\"250\" height=\"250\" src=\"https:\/\/www.feuerwehr-florian.com\/wp-content\/uploads\/2016\/01\/DSCN0081-250x250.jpg\" class=\"attachment-thumbnail size-thumbnail\" alt=\"\" \/><\/a>\n\t\t\t<\/dt><\/dl><dl class='gallery-item'>\n\t\t\t<dt class='gallery-icon landscape'>\n\t\t\t\t<a href='https:\/\/www.feuerwehr-florian.com\/wp-content\/uploads\/2016\/01\/DSCN0088.jpg' title=\"\" data-rl_title=\"\" class=\"rl-gallery-link\" data-rl_caption=\"\" data-rel=\"lightbox-gallery-1\"><img loading=\"lazy\" decoding=\"async\" width=\"250\" height=\"250\" src=\"https:\/\/www.feuerwehr-florian.com\/wp-content\/uploads\/2016\/01\/DSCN0088-250x250.jpg\" class=\"attachment-thumbnail size-thumbnail\" alt=\"\" \/><\/a>\n\t\t\t<\/dt><\/dl><dl class='gallery-item'>\n\t\t\t<dt class='gallery-icon landscape'>\n\t\t\t\t<a href='https:\/\/www.feuerwehr-florian.com\/wp-content\/uploads\/2016\/01\/DSCN0100.jpg' title=\"\" data-rl_title=\"\" class=\"rl-gallery-link\" data-rl_caption=\"\" data-rel=\"lightbox-gallery-1\"><img loading=\"lazy\" decoding=\"async\" width=\"250\" height=\"250\" src=\"https:\/\/www.feuerwehr-florian.com\/wp-content\/uploads\/2016\/01\/DSCN0100-250x250.jpg\" class=\"attachment-thumbnail size-thumbnail\" alt=\"\" \/><\/a>\n\t\t\t<\/dt><\/dl><br style=\"clear: both\" \/><dl class='gallery-item'>\n\t\t\t<dt class='gallery-icon landscape'>\n\t\t\t\t<a href='https:\/\/www.feuerwehr-florian.com\/wp-content\/uploads\/2016\/01\/DSCN0106.jpg' title=\"\" data-rl_title=\"\" class=\"rl-gallery-link\" data-rl_caption=\"\" data-rel=\"lightbox-gallery-1\"><img loading=\"lazy\" decoding=\"async\" width=\"250\" height=\"250\" src=\"https:\/\/www.feuerwehr-florian.com\/wp-content\/uploads\/2016\/01\/DSCN0106-250x250.jpg\" class=\"attachment-thumbnail size-thumbnail\" alt=\"\" \/><\/a>\n\t\t\t<\/dt><\/dl>\n\t\t\t<br style='clear: both' \/>\n\t\t<\/div>\n<\/li>\n<\/ul>\n","protected":false},"excerpt":{"rendered":"<p>Zu der diesj\u00e4hrigen Jahreshauptversammlung fanden sich 78 Feuerwehrmitglieder im Gasthaus Wimhofer ein. 29 Brandeins\u00e4tze und 163 technische Eins\u00e4tze wurden im Arbeitsjahr 2009 (Nov. 2008 &#8211; Nov. 2009) geleistet. Daf\u00fcr wurden von 1252 Mann 2678 Einsatzstunden aufgewendet. Bei den Unwettereins\u00e4tzen im Juli wurden alleine 77 Eins\u00e4tze mit 919 Stunden geleistet.<\/p>\n","protected":false},"author":2,"featured_media":2445,"comment_status":"closed","ping_status":"closed","sticky":false,"template":"","format":"standard","meta":{"_jetpack_memberships_contains_paid_content":false,"footnotes":"","jetpack_publicize_message":"","jetpack_publicize_feature_enabled":true,"jetpack_social_post_already_shared":false,"jetpack_social_options":{"image_generator_settings":{"template":"highway","default_image_id":0,"font":"","enabled":false},"version":2}},"categories":[223],"tags":[87],"class_list":["post-2441","post","type-post","status-publish","format-standard","has-post-thumbnail","hentry","category-veranstaltung","tag-87"],"jetpack_publicize_connections":[],"jetpack_featured_media_url":"https:\/\/www.feuerwehr-florian.com\/wp-content\/uploads\/2016\/01\/DSCN0106.jpg","jetpack_sharing_enabled":true,"jetpack_likes_enabled":true,"_links":{"self":[{"href":"https:\/\/www.feuerwehr-florian.com\/index.php?rest_route=\/wp\/v2\/posts\/2441","targetHints":{"allow":["GET"]}}],"collection":[{"href":"https:\/\/www.feuerwehr-florian.com\/index.php?rest_route=\/wp\/v2\/posts"}],"about":[{"href":"https:\/\/www.feuerwehr-florian.com\/index.php?rest_route=\/wp\/v2\/types\/post"}],"author":[{"embeddable":true,"href":"https:\/\/www.feuerwehr-florian.com\/index.php?rest_route=\/wp\/v2\/users\/2"}],"replies":[{"embeddable":true,"href":"https:\/\/www.feuerwehr-florian.com\/index.php?rest_route=%2Fwp%2Fv2%2Fcomments&post=2441"}],"version-history":[{"count":1,"href":"https:\/\/www.feuerwehr-florian.com\/index.php?rest_route=\/wp\/v2\/posts\/2441\/revisions"}],"predecessor-version":[{"id":2446,"href":"https:\/\/www.feuerwehr-florian.com\/index.php?rest_route=\/wp\/v2\/posts\/2441\/revisions\/2446"}],"wp:featuredmedia":[{"embeddable":true,"href":"https:\/\/www.feuerwehr-florian.com\/index.php?rest_route=\/wp\/v2\/media\/2445"}],"wp:attachment":[{"href":"https:\/\/www.feuerwehr-florian.com\/index.php?rest_route=%2Fwp%2Fv2%2Fmedia&parent=2441"}],"wp:term":[{"taxonomy":"category","embeddable":true,"href":"https:\/\/www.feuerwehr-florian.com\/index.php?rest_route=%2Fwp%2Fv2%2Fcategories&post=2441"},{"taxonomy":"post_tag","embeddable":true,"href":"https:\/\/www.feuerwehr-florian.com\/index.php?rest_route=%2Fwp%2Fv2%2Ftags&post=2441"}],"curies":[{"name":"wp","href":"https:\/\/api.w.org\/{rel}","templated":true}]}}