{"id":245,"date":"2015-03-13T05:30:45","date_gmt":"2015-03-13T04:30:45","guid":{"rendered":"http:\/\/wp.feuerwehr-florian.com\/?p=245"},"modified":"2016-01-02T14:13:00","modified_gmt":"2016-01-02T13:13:00","slug":"verkehrsunfall-hoehe-tiz","status":"publish","type":"post","link":"https:\/\/www.feuerwehr-florian.com\/?p=245","title":{"rendered":"Verkehrsunfall H\u00f6he TIZ"},"content":{"rendered":"<p>In den fr\u00fchen Morgenstunden des 13. M\u00e4rz wurde die FF St. Florian zu einem Verkehrsunfall H\u00f6he TIZ alarmiert.<\/p>\n<p><!--more--><\/p>\n<p>Vor Ort stellte sich heraus, dass sich ein PKW aus unbekannter Ursache \u00fcberschlagen hat. Personen wurden keine verletzt. Nachdem der PKW von einem privaten Abschleppunternehmen abgeschleppt wurde, war der Einsatz f\u00fcr die FF St. Florian beendet! Im Einsatz standen 25 Mann mit 3 Fahrzeugen eine Stunde lang.<\/p>\n","protected":false},"excerpt":{"rendered":"<p>In den fr\u00fchen Morgenstunden des 13. M\u00e4rz wurde die FF St. Florian zu einem Verkehrsunfall H\u00f6he TIZ alarmiert.<\/p>\n","protected":false},"author":2,"featured_media":217,"comment_status":"closed","ping_status":"closed","sticky":false,"template":"","format":"standard","meta":{"_jetpack_memberships_contains_paid_content":false,"footnotes":"","jetpack_publicize_message":"","jetpack_publicize_feature_enabled":true,"jetpack_social_post_already_shared":false,"jetpack_social_options":{"image_generator_settings":{"template":"highway","default_image_id":0,"font":"","enabled":false},"version":2}},"categories":[22],"tags":[5,12,8,10],"class_list":["post-245","post","type-post","status-publish","format-standard","has-post-thumbnail","hentry","category-einsaetze","tag-5","tag-eingeklemmte-person","tag-technischer-einsatz","tag-verkehrsunfall"],"jetpack_publicize_connections":[],"jetpack_featured_media_url":"https:\/\/www.feuerwehr-florian.com\/wp-content\/uploads\/2015\/12\/cropped-20151124-2977.jpg","jetpack_sharing_enabled":true,"jetpack_likes_enabled":true,"_links":{"self":[{"href":"https:\/\/www.feuerwehr-florian.com\/index.php?rest_route=\/wp\/v2\/posts\/245","targetHints":{"allow":["GET"]}}],"collection":[{"href":"https:\/\/www.feuerwehr-florian.com\/index.php?rest_route=\/wp\/v2\/posts"}],"about":[{"href":"https:\/\/www.feuerwehr-florian.com\/index.php?rest_route=\/wp\/v2\/types\/post"}],"author":[{"embeddable":true,"href":"https:\/\/www.feuerwehr-florian.com\/index.php?rest_route=\/wp\/v2\/users\/2"}],"replies":[{"embeddable":true,"href":"https:\/\/www.feuerwehr-florian.com\/index.php?rest_route=%2Fwp%2Fv2%2Fcomments&post=245"}],"version-history":[{"count":3,"href":"https:\/\/www.feuerwehr-florian.com\/index.php?rest_route=\/wp\/v2\/posts\/245\/revisions"}],"predecessor-version":[{"id":248,"href":"https:\/\/www.feuerwehr-florian.com\/index.php?rest_route=\/wp\/v2\/posts\/245\/revisions\/248"}],"wp:featuredmedia":[{"embeddable":true,"href":"https:\/\/www.feuerwehr-florian.com\/index.php?rest_route=\/wp\/v2\/media\/217"}],"wp:attachment":[{"href":"https:\/\/www.feuerwehr-florian.com\/index.php?rest_route=%2Fwp%2Fv2%2Fmedia&parent=245"}],"wp:term":[{"taxonomy":"category","embeddable":true,"href":"https:\/\/www.feuerwehr-florian.com\/index.php?rest_route=%2Fwp%2Fv2%2Fcategories&post=245"},{"taxonomy":"post_tag","embeddable":true,"href":"https:\/\/www.feuerwehr-florian.com\/index.php?rest_route=%2Fwp%2Fv2%2Ftags&post=245"}],"curies":[{"name":"wp","href":"https:\/\/api.w.org\/{rel}","templated":true}]}}