{"id":255,"date":"2015-01-30T14:08:31","date_gmt":"2015-01-30T13:08:31","guid":{"rendered":"http:\/\/wp.feuerwehr-florian.com\/?p=255"},"modified":"2016-01-02T14:13:36","modified_gmt":"2016-01-02T13:13:36","slug":"baum-blockiert-brucknerstrasse","status":"publish","type":"post","link":"https:\/\/www.feuerwehr-florian.com\/?p=255","title":{"rendered":"Baum blockiert Brucknerstra\u00dfe"},"content":{"rendered":"<p>Die FF St. Florian wurde am 30. J\u00e4nner um 13:39 Uhr zu einem technischen Einsatz mit den Stichworten &#8222;Sturmschaden &#8211; Baum \u00fcber Stra\u00dfe&#8220; gerufen.<\/p>\n<p><!--more--><\/p>\n<p>Ein Baum fiel\u00a0auf die Brucknerstra\u00dfe und zerst\u00f6rte dabei die Telefonleitung,\u00a0welche entlang der Stra\u00dfe gef\u00fchrt war.\u00a0Nach Absprache mit der Telekom und der \u00f6rtlichen Forstverwaltung wurde der Baum entfernt und\u00a0die Stra\u00dfe wieder freigegeben.\u00a0Im Einsatz standen\u00a020 Mann f\u00fcr ca. eine Stunde mit einem Fahrzeug (KRF-A 200)<\/p>\n","protected":false},"excerpt":{"rendered":"<p>Die FF St. Florian wurde am 30. J\u00e4nner um 13:39 Uhr zu einem technischen Einsatz mit den Stichworten &#8222;Sturmschaden &#8211; Baum \u00fcber Stra\u00dfe&#8220; gerufen.<\/p>\n","protected":false},"author":2,"featured_media":0,"comment_status":"closed","ping_status":"closed","sticky":false,"template":"","format":"standard","meta":{"_jetpack_memberships_contains_paid_content":false,"footnotes":"","jetpack_publicize_message":"","jetpack_publicize_feature_enabled":true,"jetpack_social_post_already_shared":false,"jetpack_social_options":{"image_generator_settings":{"template":"highway","default_image_id":0,"font":"","enabled":false},"version":2}},"categories":[22],"tags":[5,15,14,8],"class_list":["post-255","post","type-post","status-publish","format-standard","hentry","category-einsaetze","tag-5","tag-baum-ueber-strasse","tag-sturmschaden","tag-technischer-einsatz"],"jetpack_publicize_connections":[],"jetpack_featured_media_url":"","jetpack_sharing_enabled":true,"jetpack_likes_enabled":true,"_links":{"self":[{"href":"https:\/\/www.feuerwehr-florian.com\/index.php?rest_route=\/wp\/v2\/posts\/255","targetHints":{"allow":["GET"]}}],"collection":[{"href":"https:\/\/www.feuerwehr-florian.com\/index.php?rest_route=\/wp\/v2\/posts"}],"about":[{"href":"https:\/\/www.feuerwehr-florian.com\/index.php?rest_route=\/wp\/v2\/types\/post"}],"author":[{"embeddable":true,"href":"https:\/\/www.feuerwehr-florian.com\/index.php?rest_route=\/wp\/v2\/users\/2"}],"replies":[{"embeddable":true,"href":"https:\/\/www.feuerwehr-florian.com\/index.php?rest_route=%2Fwp%2Fv2%2Fcomments&post=255"}],"version-history":[{"count":1,"href":"https:\/\/www.feuerwehr-florian.com\/index.php?rest_route=\/wp\/v2\/posts\/255\/revisions"}],"predecessor-version":[{"id":256,"href":"https:\/\/www.feuerwehr-florian.com\/index.php?rest_route=\/wp\/v2\/posts\/255\/revisions\/256"}],"wp:attachment":[{"href":"https:\/\/www.feuerwehr-florian.com\/index.php?rest_route=%2Fwp%2Fv2%2Fmedia&parent=255"}],"wp:term":[{"taxonomy":"category","embeddable":true,"href":"https:\/\/www.feuerwehr-florian.com\/index.php?rest_route=%2Fwp%2Fv2%2Fcategories&post=255"},{"taxonomy":"post_tag","embeddable":true,"href":"https:\/\/www.feuerwehr-florian.com\/index.php?rest_route=%2Fwp%2Fv2%2Ftags&post=255"}],"curies":[{"name":"wp","href":"https:\/\/api.w.org\/{rel}","templated":true}]}}