{"id":3422,"date":"2012-09-02T12:00:46","date_gmt":"2012-09-02T10:00:46","guid":{"rendered":"http:\/\/wp.feuerwehr-florian.com\/?p=3422"},"modified":"2016-01-08T11:34:29","modified_gmt":"2016-01-08T10:34:29","slug":"10-jahre-jugendfeuerwehr","status":"publish","type":"post","link":"https:\/\/www.feuerwehr-florian.com\/?p=3422","title":{"rendered":"10 Jahre Jugendfeuerwehr"},"content":{"rendered":"<p>Im Zuge der 140-Jahresfeier der FF St. Florian wurden auch das 10-j\u00e4hrige Bestehen der Jugendfeuerwehr gefeiert.<\/p>\n<p><!--more--><\/p>\n<p>Deshalb wurde an der Festveranstaltung am Samstag bzw. Sonntag eine Ehrung f\u00fcr die beiden Gr\u00fcnder der Jugendfeuerwehr in St. Florian vorgenommen. OBM Georg Windtner jun. sowie AW Alois Reich\u00f6r erhielten von ABI Ronald Winkler sowie den jetzigen Jugendbetreuer HBM Dietmar Fuchs einen Geschenkskorb f\u00fcr die 10-j\u00e4hrige T\u00e4tigkeit im Bereich der Jugendabend!<\/p>\n<p>Die FF St. Florian bedankt sich daf\u00fcr recht herzlich &#8211; die zahlreichen aktiven Feuerwehrmitglieder die aus der Jugendfeuerwehr \u00fcbernommen werden konnten, sprechen f\u00fcr sich!<\/p>\n<p><a href=\"http:\/\/wp.feuerwehr-florian.com\/wp-content\/uploads\/2016\/01\/140-jahre-ff-florian_36-1.jpg\" rel=\"attachment wp-att-3423\" data-rel=\"lightbox-gallery-kR1GG9Fp\" data-rl_title=\"\" data-rl_caption=\"\" title=\"\"><img loading=\"lazy\" decoding=\"async\" class=\"alignnone size-full wp-image-3423\" src=\"http:\/\/wp.feuerwehr-florian.com\/wp-content\/uploads\/2016\/01\/140-jahre-ff-florian_36-1.jpg\" alt=\"140-jahre-ff-florian_36\" width=\"801\" height=\"533\" srcset=\"https:\/\/www.feuerwehr-florian.com\/wp-content\/uploads\/2016\/01\/140-jahre-ff-florian_36-1.jpg 801w, https:\/\/www.feuerwehr-florian.com\/wp-content\/uploads\/2016\/01\/140-jahre-ff-florian_36-1-600x399.jpg 600w, https:\/\/www.feuerwehr-florian.com\/wp-content\/uploads\/2016\/01\/140-jahre-ff-florian_36-1-300x200.jpg 300w, https:\/\/www.feuerwehr-florian.com\/wp-content\/uploads\/2016\/01\/140-jahre-ff-florian_36-1-450x300.jpg 450w\" sizes=\"auto, (max-width: 801px) 100vw, 801px\" \/><\/a><\/p>\n","protected":false},"excerpt":{"rendered":"<p>Im Zuge der 140-Jahresfeier der FF St. Florian wurden auch das 10-j\u00e4hrige Bestehen der Jugendfeuerwehr gefeiert.<\/p>\n","protected":false},"author":2,"featured_media":3423,"comment_status":"closed","ping_status":"closed","sticky":false,"template":"","format":"standard","meta":{"_jetpack_memberships_contains_paid_content":false,"footnotes":"","jetpack_publicize_message":"","jetpack_publicize_feature_enabled":true,"jetpack_social_post_already_shared":false,"jetpack_social_options":{"image_generator_settings":{"template":"highway","default_image_id":0,"font":"","enabled":false},"version":2}},"categories":[76],"tags":[5,78],"class_list":["post-3422","post","type-post","status-publish","format-standard","has-post-thumbnail","hentry","category-jugendfeuerwehr","tag-5","tag-jugend"],"jetpack_publicize_connections":[],"jetpack_featured_media_url":"https:\/\/www.feuerwehr-florian.com\/wp-content\/uploads\/2016\/01\/140-jahre-ff-florian_36-1.jpg","jetpack_sharing_enabled":true,"jetpack_likes_enabled":true,"_links":{"self":[{"href":"https:\/\/www.feuerwehr-florian.com\/index.php?rest_route=\/wp\/v2\/posts\/3422","targetHints":{"allow":["GET"]}}],"collection":[{"href":"https:\/\/www.feuerwehr-florian.com\/index.php?rest_route=\/wp\/v2\/posts"}],"about":[{"href":"https:\/\/www.feuerwehr-florian.com\/index.php?rest_route=\/wp\/v2\/types\/post"}],"author":[{"embeddable":true,"href":"https:\/\/www.feuerwehr-florian.com\/index.php?rest_route=\/wp\/v2\/users\/2"}],"replies":[{"embeddable":true,"href":"https:\/\/www.feuerwehr-florian.com\/index.php?rest_route=%2Fwp%2Fv2%2Fcomments&post=3422"}],"version-history":[{"count":1,"href":"https:\/\/www.feuerwehr-florian.com\/index.php?rest_route=\/wp\/v2\/posts\/3422\/revisions"}],"predecessor-version":[{"id":3424,"href":"https:\/\/www.feuerwehr-florian.com\/index.php?rest_route=\/wp\/v2\/posts\/3422\/revisions\/3424"}],"wp:featuredmedia":[{"embeddable":true,"href":"https:\/\/www.feuerwehr-florian.com\/index.php?rest_route=\/wp\/v2\/media\/3423"}],"wp:attachment":[{"href":"https:\/\/www.feuerwehr-florian.com\/index.php?rest_route=%2Fwp%2Fv2%2Fmedia&parent=3422"}],"wp:term":[{"taxonomy":"category","embeddable":true,"href":"https:\/\/www.feuerwehr-florian.com\/index.php?rest_route=%2Fwp%2Fv2%2Fcategories&post=3422"},{"taxonomy":"post_tag","embeddable":true,"href":"https:\/\/www.feuerwehr-florian.com\/index.php?rest_route=%2Fwp%2Fv2%2Ftags&post=3422"}],"curies":[{"name":"wp","href":"https:\/\/api.w.org\/{rel}","templated":true}]}}