{"id":430,"date":"2014-10-07T07:10:20","date_gmt":"2014-10-07T05:10:20","guid":{"rendered":"http:\/\/wp.feuerwehr-florian.com\/?p=430"},"modified":"2016-01-02T13:41:45","modified_gmt":"2016-01-02T12:41:45","slug":"kfz-brand-auf-der-a1","status":"publish","type":"post","link":"https:\/\/www.feuerwehr-florian.com\/?p=430","title":{"rendered":"KFZ-Brand auf der A1"},"content":{"rendered":"<p>In den Morgenstunden des 7.Oktobers wurde die FF St. Florian gemeinsam mit der FF Asten zu einem PKW-Brand auf die A1 gerufen.<\/p>\n<p><!--more--><\/p>\n<p>Um 07:10 Uhr wurde der Landeswarnzentrale durch einen Anrufer ein brennender PKW auf der A1 Fahrtrichtung Wien gemeldet. Die FF St. Florian r\u00fcckte gem\u00e4\u00df Autobahnalarmplan gemeinsam mit der FF Asten aus. Beim Eintreffen der Florianer Wehr, hatten Ersthelfer einer Feuerwehr aus dem Raum Grieskirchen den Brand im Motorraum bereits weitgehend abgel\u00f6scht.<\/p>\n<p>Im Einsatz standen 15 Mann der FF St.Florian mit zwei Fahrzeugen (KRF-A und TLF-A 2000) sowie die FF Asten, die Polizei und die Asfinag.<\/p>\n","protected":false},"excerpt":{"rendered":"<p>In den Morgenstunden des 7.Oktobers wurde die FF St. Florian gemeinsam mit der FF Asten zu einem PKW-Brand auf die A1 gerufen.<\/p>\n","protected":false},"author":2,"featured_media":313,"comment_status":"closed","ping_status":"closed","sticky":false,"template":"","format":"standard","meta":{"_jetpack_memberships_contains_paid_content":false,"footnotes":"","jetpack_publicize_message":"","jetpack_publicize_feature_enabled":true,"jetpack_social_post_already_shared":false,"jetpack_social_options":{"image_generator_settings":{"template":"highway","default_image_id":0,"font":"","enabled":false},"version":2}},"categories":[22],"tags":[58,46,47,3,29,6,19],"class_list":["post-430","post","type-post","status-publish","format-standard","has-post-thumbnail","hentry","category-einsaetze","tag-58","tag-a1","tag-autobahn","tag-brand","tag-brandeinsatz","tag-feuer","tag-kfz"],"jetpack_publicize_connections":[],"jetpack_featured_media_url":"https:\/\/www.feuerwehr-florian.com\/wp-content\/uploads\/2015\/12\/cropped-DSC_3173.jpg","jetpack_sharing_enabled":true,"jetpack_likes_enabled":true,"_links":{"self":[{"href":"https:\/\/www.feuerwehr-florian.com\/index.php?rest_route=\/wp\/v2\/posts\/430","targetHints":{"allow":["GET"]}}],"collection":[{"href":"https:\/\/www.feuerwehr-florian.com\/index.php?rest_route=\/wp\/v2\/posts"}],"about":[{"href":"https:\/\/www.feuerwehr-florian.com\/index.php?rest_route=\/wp\/v2\/types\/post"}],"author":[{"embeddable":true,"href":"https:\/\/www.feuerwehr-florian.com\/index.php?rest_route=\/wp\/v2\/users\/2"}],"replies":[{"embeddable":true,"href":"https:\/\/www.feuerwehr-florian.com\/index.php?rest_route=%2Fwp%2Fv2%2Fcomments&post=430"}],"version-history":[{"count":1,"href":"https:\/\/www.feuerwehr-florian.com\/index.php?rest_route=\/wp\/v2\/posts\/430\/revisions"}],"predecessor-version":[{"id":431,"href":"https:\/\/www.feuerwehr-florian.com\/index.php?rest_route=\/wp\/v2\/posts\/430\/revisions\/431"}],"wp:featuredmedia":[{"embeddable":true,"href":"https:\/\/www.feuerwehr-florian.com\/index.php?rest_route=\/wp\/v2\/media\/313"}],"wp:attachment":[{"href":"https:\/\/www.feuerwehr-florian.com\/index.php?rest_route=%2Fwp%2Fv2%2Fmedia&parent=430"}],"wp:term":[{"taxonomy":"category","embeddable":true,"href":"https:\/\/www.feuerwehr-florian.com\/index.php?rest_route=%2Fwp%2Fv2%2Fcategories&post=430"},{"taxonomy":"post_tag","embeddable":true,"href":"https:\/\/www.feuerwehr-florian.com\/index.php?rest_route=%2Fwp%2Fv2%2Ftags&post=430"}],"curies":[{"name":"wp","href":"https:\/\/api.w.org\/{rel}","templated":true}]}}