{"id":432,"date":"2014-09-24T18:30:37","date_gmt":"2014-09-24T16:30:37","guid":{"rendered":"http:\/\/wp.feuerwehr-florian.com\/?p=432"},"modified":"2016-01-02T13:47:39","modified_gmt":"2016-01-02T12:47:39","slug":"kleinbrand-im-astenfeld","status":"publish","type":"post","link":"https:\/\/www.feuerwehr-florian.com\/?p=432","title":{"rendered":"Kleinbrand im Astenfeld"},"content":{"rendered":"<p>Am Abend des 24. September 2014 wurde die FF St. Florian zu einem Brandverdacht ins Astenfeld alarmiert.<\/p>\n<p><!--more--><\/p>\n<p>Ein aufmerksame Passantin bemerkte am Lagerplatz eines Steinh\u00e4ndlers Rauchentwicklung und verst\u00e4ndigte die Feuerwehr. Nach kurzer Zeit r\u00fcckte der L\u00f6schzug der FF St. Florian zum Einsatzort aus. Ein weiterer zuf\u00e4llig vorbeikommender Passant nahm erste L\u00f6schversuche mit einem Pulverl\u00f6scher auf und konnte somit ein Ausbreiten des Brandes verhindern. Die FF St. Florian verschaffte sich mit einer Leiter Zugang zum Firmenareal und l\u00f6schte den Brand mit Hilfe eines C-Rohr komplett ab. Nach rund einer halben Stunde war der Einsatz beendet. Im Einsatz standen 30 Mann mit vier Fahrzeugen.<\/p>\n","protected":false},"excerpt":{"rendered":"<p>Am Abend des 24. September 2014 wurde die FF St. Florian zu einem Brandverdacht ins Astenfeld alarmiert.<\/p>\n","protected":false},"author":2,"featured_media":434,"comment_status":"closed","ping_status":"closed","sticky":false,"template":"","format":"standard","meta":{"_jetpack_memberships_contains_paid_content":false,"footnotes":"","jetpack_publicize_message":"","jetpack_publicize_feature_enabled":true,"jetpack_social_post_already_shared":false,"jetpack_social_options":{"image_generator_settings":{"template":"highway","default_image_id":0,"font":"","enabled":false},"version":2}},"categories":[22],"tags":[58,3,29,6],"class_list":["post-432","post","type-post","status-publish","format-standard","has-post-thumbnail","hentry","category-einsaetze","tag-58","tag-brand","tag-brandeinsatz","tag-feuer"],"jetpack_publicize_connections":[],"jetpack_featured_media_url":"https:\/\/www.feuerwehr-florian.com\/wp-content\/uploads\/2016\/01\/DSC_0004.jpg","jetpack_sharing_enabled":true,"jetpack_likes_enabled":true,"_links":{"self":[{"href":"https:\/\/www.feuerwehr-florian.com\/index.php?rest_route=\/wp\/v2\/posts\/432","targetHints":{"allow":["GET"]}}],"collection":[{"href":"https:\/\/www.feuerwehr-florian.com\/index.php?rest_route=\/wp\/v2\/posts"}],"about":[{"href":"https:\/\/www.feuerwehr-florian.com\/index.php?rest_route=\/wp\/v2\/types\/post"}],"author":[{"embeddable":true,"href":"https:\/\/www.feuerwehr-florian.com\/index.php?rest_route=\/wp\/v2\/users\/2"}],"replies":[{"embeddable":true,"href":"https:\/\/www.feuerwehr-florian.com\/index.php?rest_route=%2Fwp%2Fv2%2Fcomments&post=432"}],"version-history":[{"count":1,"href":"https:\/\/www.feuerwehr-florian.com\/index.php?rest_route=\/wp\/v2\/posts\/432\/revisions"}],"predecessor-version":[{"id":435,"href":"https:\/\/www.feuerwehr-florian.com\/index.php?rest_route=\/wp\/v2\/posts\/432\/revisions\/435"}],"wp:featuredmedia":[{"embeddable":true,"href":"https:\/\/www.feuerwehr-florian.com\/index.php?rest_route=\/wp\/v2\/media\/434"}],"wp:attachment":[{"href":"https:\/\/www.feuerwehr-florian.com\/index.php?rest_route=%2Fwp%2Fv2%2Fmedia&parent=432"}],"wp:term":[{"taxonomy":"category","embeddable":true,"href":"https:\/\/www.feuerwehr-florian.com\/index.php?rest_route=%2Fwp%2Fv2%2Fcategories&post=432"},{"taxonomy":"post_tag","embeddable":true,"href":"https:\/\/www.feuerwehr-florian.com\/index.php?rest_route=%2Fwp%2Fv2%2Ftags&post=432"}],"curies":[{"name":"wp","href":"https:\/\/api.w.org\/{rel}","templated":true}]}}