{"id":452,"date":"2014-07-19T22:30:01","date_gmt":"2014-07-19T20:30:01","guid":{"rendered":"http:\/\/wp.feuerwehr-florian.com\/?p=452"},"modified":"2016-01-02T14:05:49","modified_gmt":"2016-01-02T13:05:49","slug":"wasserschaden-in-der-prandtauerstrasse-2","status":"publish","type":"post","link":"https:\/\/www.feuerwehr-florian.com\/?p=452","title":{"rendered":"Wasserschaden in der Prandtauerstra\u00dfe"},"content":{"rendered":"<p>Samstag Abend wurde die FF St. Florian von einem besorgten Mieter in die Prandtauerstra\u00dfe alarmiert, da Wasser von seiner Decke tropfte.<\/p>\n<p><!--more--><\/p>\n<p>Die FF St. Florian erkundete die Einsatzstelle, sperrte die Hauptwasserleitung f\u00fcr das Geb\u00e4ude ab und\u00a0verschaffte sich mit dem T\u00fcr\u00f6ffnungswerkzeug im Beisein der Polzei Zugang zu der Wohnung im 2.OG, da kein Schl\u00fcssel f\u00fcr die Wohnung aufgetrieben werden konnte. Danach wurde festgestellt, dass die Wohnung einige Zentimeter unter Wasser stand. Mit Hilfe eines Wassersaugers wurde das Wasser abgepumpt und die Wohnung mit einem Ersatzzylinder wieder sperrbar gemacht. Nach zwei Stunden war der Einsatz f\u00fcr die FF St. Florian\u00a0beendet.<\/p>\n","protected":false},"excerpt":{"rendered":"<p>Samstag Abend wurde die FF St. Florian von einem besorgten Mieter in die Prandtauerstra\u00dfe alarmiert, da Wasser von seiner Decke tropfte.<\/p>\n","protected":false},"author":2,"featured_media":9,"comment_status":"closed","ping_status":"closed","sticky":false,"template":"","format":"standard","meta":{"_jetpack_memberships_contains_paid_content":false,"footnotes":"","jetpack_publicize_message":"","jetpack_publicize_feature_enabled":true,"jetpack_social_post_already_shared":false,"jetpack_social_options":{"image_generator_settings":{"template":"highway","default_image_id":0,"font":"","enabled":false},"version":2}},"categories":[22],"tags":[58,8,7,13],"class_list":["post-452","post","type-post","status-publish","format-standard","has-post-thumbnail","hentry","category-einsaetze","tag-58","tag-technischer-einsatz","tag-tueroeffnung","tag-wasserschaden"],"jetpack_publicize_connections":[],"jetpack_featured_media_url":"https:\/\/www.feuerwehr-florian.com\/wp-content\/uploads\/2015\/12\/20151003-0111.jpg","jetpack_sharing_enabled":true,"jetpack_likes_enabled":true,"_links":{"self":[{"href":"https:\/\/www.feuerwehr-florian.com\/index.php?rest_route=\/wp\/v2\/posts\/452","targetHints":{"allow":["GET"]}}],"collection":[{"href":"https:\/\/www.feuerwehr-florian.com\/index.php?rest_route=\/wp\/v2\/posts"}],"about":[{"href":"https:\/\/www.feuerwehr-florian.com\/index.php?rest_route=\/wp\/v2\/types\/post"}],"author":[{"embeddable":true,"href":"https:\/\/www.feuerwehr-florian.com\/index.php?rest_route=\/wp\/v2\/users\/2"}],"replies":[{"embeddable":true,"href":"https:\/\/www.feuerwehr-florian.com\/index.php?rest_route=%2Fwp%2Fv2%2Fcomments&post=452"}],"version-history":[{"count":1,"href":"https:\/\/www.feuerwehr-florian.com\/index.php?rest_route=\/wp\/v2\/posts\/452\/revisions"}],"predecessor-version":[{"id":453,"href":"https:\/\/www.feuerwehr-florian.com\/index.php?rest_route=\/wp\/v2\/posts\/452\/revisions\/453"}],"wp:featuredmedia":[{"embeddable":true,"href":"https:\/\/www.feuerwehr-florian.com\/index.php?rest_route=\/wp\/v2\/media\/9"}],"wp:attachment":[{"href":"https:\/\/www.feuerwehr-florian.com\/index.php?rest_route=%2Fwp%2Fv2%2Fmedia&parent=452"}],"wp:term":[{"taxonomy":"category","embeddable":true,"href":"https:\/\/www.feuerwehr-florian.com\/index.php?rest_route=%2Fwp%2Fv2%2Fcategories&post=452"},{"taxonomy":"post_tag","embeddable":true,"href":"https:\/\/www.feuerwehr-florian.com\/index.php?rest_route=%2Fwp%2Fv2%2Ftags&post=452"}],"curies":[{"name":"wp","href":"https:\/\/api.w.org\/{rel}","templated":true}]}}