{"id":4583,"date":"2010-01-21T21:05:08","date_gmt":"2010-01-21T20:05:08","guid":{"rendered":"http:\/\/www.feuerwehr-florian.com\/?p=4583"},"modified":"2016-01-17T10:37:31","modified_gmt":"2016-01-17T09:37:31","slug":"tiefst-winterliche-fahrverhaeltnisse-mehrere-fahrzeugbergungen","status":"publish","type":"post","link":"https:\/\/www.feuerwehr-florian.com\/?p=4583","title":{"rendered":"Tiefst winterliche Fahrverh\u00e4ltnisse &#8211; mehrere Fahrzeugbergungen"},"content":{"rendered":"<p>Aufgrund der tiefst winterlichen Fahrverh\u00e4ltnisse nach den starken Schneef\u00e4llen in unserem Gemeindegebiet, musste die Feuerwehr St. Florian zu mehreren Fahrzeugbergungen ausr\u00fccken.<\/p>\n<p>Gegen 19 Uhr waren wir bei zwei Fahrzeugbergungen im Bereich der Sauwiese gefordert,\u00a0wir mussten\u00a0zwei h\u00e4ngen gebliebene\u00a0PKW aus ihrer misslichen Lage per\u00a0 Seilwinde und Muskelkraft befreien.<br \/>\nNach ca. einer halben Stunde konnte die Einsatzbereitschaft wieder hergestellt werden.<\/p>\n<p>Um ca. 20:30 kamen zwei Kameraden zuf\u00e4llig am Speiserberg hinter einem Gelenkbus\u00a0 zu Stehen,\u00a0dieser konnte\u00a0weder vor noch zur\u00fcck. Nachdem sich der Fahrer\u00a0auch durch sein\u00a0fahrerisches Geschick nicht mehr aus dieser misslichen Lage befreien konnte, wurde das Tankl\u00f6schfahrzeug und R\u00fcstfahrzeug zur Einsatzstelle beordert.<br \/>\nMit der\u00a0Seilwinde konnte der Bus \u00fcber den Rest des steil verlaufenden Stra\u00dfenst\u00fccks gezogen werden, um so wieder die Landesstra\u00dfe freimachen zu k\u00f6nnen.<br \/>\nW\u00e4hrend der Bergungsarbeiten war der Speiserberg f\u00fcr den Verkehr gesperrt.<\/p>\n\n\t\t<style type=\"text\/css\">\n\t\t\t#gallery-1 {\n\t\t\t\tmargin: auto;\n\t\t\t}\n\t\t\t#gallery-1 .gallery-item {\n\t\t\t\tfloat: left;\n\t\t\t\tmargin-top: 10px;\n\t\t\t\ttext-align: center;\n\t\t\t\twidth: 33%;\n\t\t\t}\n\t\t\t#gallery-1 img {\n\t\t\t\tborder: 2px solid #cfcfcf;\n\t\t\t}\n\t\t\t#gallery-1 .gallery-caption {\n\t\t\t\tmargin-left: 0;\n\t\t\t}\n\t\t\t\/* see gallery_shortcode() in wp-includes\/media.php *\/\n\t\t<\/style>\n\t\t<div id='gallery-1' class='gallery galleryid-4583 gallery-columns-3 gallery-size-thumbnail'><dl class='gallery-item'>\n\t\t\t<dt class='gallery-icon landscape'>\n\t\t\t\t<a href='https:\/\/www.feuerwehr-florian.com\/wp-content\/uploads\/2016\/01\/DSC_0567.jpg' title=\"\" data-rl_title=\"\" class=\"rl-gallery-link\" data-rl_caption=\"\" data-rel=\"lightbox-gallery-1\"><img loading=\"lazy\" decoding=\"async\" width=\"250\" height=\"250\" src=\"https:\/\/www.feuerwehr-florian.com\/wp-content\/uploads\/2016\/01\/DSC_0567-250x250.jpg\" class=\"attachment-thumbnail size-thumbnail\" alt=\"\" \/><\/a>\n\t\t\t<\/dt><\/dl><dl class='gallery-item'>\n\t\t\t<dt class='gallery-icon landscape'>\n\t\t\t\t<a href='https:\/\/www.feuerwehr-florian.com\/wp-content\/uploads\/2016\/01\/DSC_0568-1.jpg' title=\"\" data-rl_title=\"\" class=\"rl-gallery-link\" data-rl_caption=\"\" data-rel=\"lightbox-gallery-1\"><img loading=\"lazy\" decoding=\"async\" width=\"250\" height=\"250\" src=\"https:\/\/www.feuerwehr-florian.com\/wp-content\/uploads\/2016\/01\/DSC_0568-1-250x250.jpg\" class=\"attachment-thumbnail size-thumbnail\" alt=\"\" \/><\/a>\n\t\t\t<\/dt><\/dl><dl class='gallery-item'>\n\t\t\t<dt class='gallery-icon landscape'>\n\t\t\t\t<a href='https:\/\/www.feuerwehr-florian.com\/wp-content\/uploads\/2016\/01\/DSC_0570.jpg' title=\"\" data-rl_title=\"\" class=\"rl-gallery-link\" data-rl_caption=\"\" data-rel=\"lightbox-gallery-1\"><img loading=\"lazy\" decoding=\"async\" width=\"250\" height=\"250\" src=\"https:\/\/www.feuerwehr-florian.com\/wp-content\/uploads\/2016\/01\/DSC_0570-250x250.jpg\" class=\"attachment-thumbnail size-thumbnail\" alt=\"\" \/><\/a>\n\t\t\t<\/dt><\/dl><br style=\"clear: both\" \/><dl class='gallery-item'>\n\t\t\t<dt class='gallery-icon portrait'>\n\t\t\t\t<a href='https:\/\/www.feuerwehr-florian.com\/wp-content\/uploads\/2016\/01\/DSC_0573-1.jpg' title=\"\" data-rl_title=\"\" class=\"rl-gallery-link\" data-rl_caption=\"\" data-rel=\"lightbox-gallery-1\"><img loading=\"lazy\" decoding=\"async\" width=\"250\" height=\"250\" src=\"https:\/\/www.feuerwehr-florian.com\/wp-content\/uploads\/2016\/01\/DSC_0573-1-250x250.jpg\" class=\"attachment-thumbnail size-thumbnail\" alt=\"\" \/><\/a>\n\t\t\t<\/dt><\/dl>\n\t\t\t<br style='clear: both' \/>\n\t\t<\/div>\n\n","protected":false},"excerpt":{"rendered":"<p>Aufgrund der tiefst winterlichen Fahrverh\u00e4ltnisse nach den starken Schneef\u00e4llen in unserem Gemeindegebiet, musste die Feuerwehr St. Florian zu mehreren Fahrzeugbergungen ausr\u00fccken. Gegen 19 Uhr waren wir bei zwei Fahrzeugbergungen im Bereich der Sauwiese gefordert,\u00a0wir mussten\u00a0zwei h\u00e4ngen gebliebene\u00a0PKW aus ihrer misslichen Lage per\u00a0 Seilwinde und Muskelkraft befreien. Nach ca. einer halben Stunde konnte die Einsatzbereitschaft wieder<\/p>\n<p><a class=\"more-link\" href=\"https:\/\/www.feuerwehr-florian.com\/?p=4583\">Weiterlesen<\/a><\/p>\n","protected":false},"author":8,"featured_media":4586,"comment_status":"closed","ping_status":"closed","sticky":false,"template":"","format":"standard","meta":{"_jetpack_memberships_contains_paid_content":false,"footnotes":"","jetpack_publicize_message":"","jetpack_publicize_feature_enabled":true,"jetpack_social_post_already_shared":false,"jetpack_social_options":{"image_generator_settings":{"template":"highway","default_image_id":0,"font":"","enabled":false},"version":2}},"categories":[22],"tags":[86,32,97],"class_list":["post-4583","post","type-post","status-publish","format-standard","has-post-thumbnail","hentry","category-einsaetze","tag-86","tag-fahrzeugbergung","tag-winter"],"jetpack_publicize_connections":[],"jetpack_featured_media_url":"https:\/\/www.feuerwehr-florian.com\/wp-content\/uploads\/2016\/01\/DSC_0570.jpg","jetpack_sharing_enabled":true,"jetpack_likes_enabled":true,"_links":{"self":[{"href":"https:\/\/www.feuerwehr-florian.com\/index.php?rest_route=\/wp\/v2\/posts\/4583","targetHints":{"allow":["GET"]}}],"collection":[{"href":"https:\/\/www.feuerwehr-florian.com\/index.php?rest_route=\/wp\/v2\/posts"}],"about":[{"href":"https:\/\/www.feuerwehr-florian.com\/index.php?rest_route=\/wp\/v2\/types\/post"}],"author":[{"embeddable":true,"href":"https:\/\/www.feuerwehr-florian.com\/index.php?rest_route=\/wp\/v2\/users\/8"}],"replies":[{"embeddable":true,"href":"https:\/\/www.feuerwehr-florian.com\/index.php?rest_route=%2Fwp%2Fv2%2Fcomments&post=4583"}],"version-history":[{"count":3,"href":"https:\/\/www.feuerwehr-florian.com\/index.php?rest_route=\/wp\/v2\/posts\/4583\/revisions"}],"predecessor-version":[{"id":4590,"href":"https:\/\/www.feuerwehr-florian.com\/index.php?rest_route=\/wp\/v2\/posts\/4583\/revisions\/4590"}],"wp:featuredmedia":[{"embeddable":true,"href":"https:\/\/www.feuerwehr-florian.com\/index.php?rest_route=\/wp\/v2\/media\/4586"}],"wp:attachment":[{"href":"https:\/\/www.feuerwehr-florian.com\/index.php?rest_route=%2Fwp%2Fv2%2Fmedia&parent=4583"}],"wp:term":[{"taxonomy":"category","embeddable":true,"href":"https:\/\/www.feuerwehr-florian.com\/index.php?rest_route=%2Fwp%2Fv2%2Fcategories&post=4583"},{"taxonomy":"post_tag","embeddable":true,"href":"https:\/\/www.feuerwehr-florian.com\/index.php?rest_route=%2Fwp%2Fv2%2Ftags&post=4583"}],"curies":[{"name":"wp","href":"https:\/\/api.w.org\/{rel}","templated":true}]}}