{"id":4645,"date":"2010-03-26T20:12:15","date_gmt":"2010-03-26T19:12:15","guid":{"rendered":"http:\/\/www.feuerwehr-florian.com\/?p=4645"},"modified":"2016-01-17T11:04:56","modified_gmt":"2016-01-17T10:04:56","slug":"sturmschaden-auf-baustelle","status":"publish","type":"post","link":"https:\/\/www.feuerwehr-florian.com\/?p=4645","title":{"rendered":"Sturmschaden auf Baustelle"},"content":{"rendered":"<p>Um 20:12 Uhr wurde heute die Feuerwehr St. Florian von der Landeswarnzentrale in Linz zu einem Sturmschaden auf einer Baustelle am ehemaligen Lagerhausareal alarmiert.<\/p>\n<p>Kurz darauf r\u00fcckte ein Fahrzeug zur Einsatzstelle aus und bereits nach wenigen Metern nach der Einsatzzentrale war ein umgefallener Bauzaun auf der Linzer Stra\u00dfe ersichtlich. Da der Zaun nur unzureichend zusammengeh\u00e4ngt war, konnte ihn der kr\u00e4ftige Wind direkt auf die Linzer Stra\u00dfe rei\u00dfen. Die Einsatzkr\u00e4fte stellten den Zaun wieder auf und sicherten ihn bestm\u00f6glich mit den vorhandenen Mitteln.<\/p>\n\n\t\t<style type=\"text\/css\">\n\t\t\t#gallery-1 {\n\t\t\t\tmargin: auto;\n\t\t\t}\n\t\t\t#gallery-1 .gallery-item {\n\t\t\t\tfloat: left;\n\t\t\t\tmargin-top: 10px;\n\t\t\t\ttext-align: center;\n\t\t\t\twidth: 33%;\n\t\t\t}\n\t\t\t#gallery-1 img {\n\t\t\t\tborder: 2px solid #cfcfcf;\n\t\t\t}\n\t\t\t#gallery-1 .gallery-caption {\n\t\t\t\tmargin-left: 0;\n\t\t\t}\n\t\t\t\/* see gallery_shortcode() in wp-includes\/media.php *\/\n\t\t<\/style>\n\t\t<div id='gallery-1' class='gallery galleryid-4645 gallery-columns-3 gallery-size-thumbnail'><dl class='gallery-item'>\n\t\t\t<dt class='gallery-icon landscape'>\n\t\t\t\t<a href='https:\/\/www.feuerwehr-florian.com\/wp-content\/uploads\/2016\/01\/DSC_0876.jpg' title=\"\" data-rl_title=\"\" class=\"rl-gallery-link\" data-rl_caption=\"\" data-rel=\"lightbox-gallery-1\"><img loading=\"lazy\" decoding=\"async\" width=\"250\" height=\"250\" src=\"https:\/\/www.feuerwehr-florian.com\/wp-content\/uploads\/2016\/01\/DSC_0876-250x250.jpg\" class=\"attachment-thumbnail size-thumbnail\" alt=\"\" \/><\/a>\n\t\t\t<\/dt><\/dl><dl class='gallery-item'>\n\t\t\t<dt class='gallery-icon landscape'>\n\t\t\t\t<a href='https:\/\/www.feuerwehr-florian.com\/wp-content\/uploads\/2016\/01\/DSC_0881.jpg' title=\"\" data-rl_title=\"\" class=\"rl-gallery-link\" data-rl_caption=\"\" data-rel=\"lightbox-gallery-1\"><img loading=\"lazy\" decoding=\"async\" width=\"250\" height=\"250\" src=\"https:\/\/www.feuerwehr-florian.com\/wp-content\/uploads\/2016\/01\/DSC_0881-250x250.jpg\" class=\"attachment-thumbnail size-thumbnail\" alt=\"\" \/><\/a>\n\t\t\t<\/dt><\/dl>\n\t\t\t<br style='clear: both' \/>\n\t\t<\/div>\n\n","protected":false},"excerpt":{"rendered":"<p>Um 20:12 Uhr wurde heute die Feuerwehr St. Florian von der Landeswarnzentrale in Linz zu einem Sturmschaden auf einer Baustelle am ehemaligen Lagerhausareal alarmiert. Kurz darauf r\u00fcckte ein Fahrzeug zur Einsatzstelle aus und bereits nach wenigen Metern nach der Einsatzzentrale war ein umgefallener Bauzaun auf der Linzer Stra\u00dfe ersichtlich. Da der Zaun nur unzureichend zusammengeh\u00e4ngt<\/p>\n<p><a class=\"more-link\" href=\"https:\/\/www.feuerwehr-florian.com\/?p=4645\">Weiterlesen<\/a><\/p>\n","protected":false},"author":8,"featured_media":4646,"comment_status":"closed","ping_status":"closed","sticky":false,"template":"","format":"standard","meta":{"_jetpack_memberships_contains_paid_content":false,"footnotes":"","jetpack_publicize_message":"","jetpack_publicize_feature_enabled":true,"jetpack_social_post_already_shared":false,"jetpack_social_options":{"image_generator_settings":{"template":"highway","default_image_id":0,"font":"","enabled":false},"version":2}},"categories":[22],"tags":[86,4,14],"class_list":["post-4645","post","type-post","status-publish","format-standard","has-post-thumbnail","hentry","category-einsaetze","tag-86","tag-einsatz","tag-sturmschaden"],"jetpack_publicize_connections":[],"jetpack_featured_media_url":"https:\/\/www.feuerwehr-florian.com\/wp-content\/uploads\/2016\/01\/DSC_0876.jpg","jetpack_sharing_enabled":true,"jetpack_likes_enabled":true,"_links":{"self":[{"href":"https:\/\/www.feuerwehr-florian.com\/index.php?rest_route=\/wp\/v2\/posts\/4645","targetHints":{"allow":["GET"]}}],"collection":[{"href":"https:\/\/www.feuerwehr-florian.com\/index.php?rest_route=\/wp\/v2\/posts"}],"about":[{"href":"https:\/\/www.feuerwehr-florian.com\/index.php?rest_route=\/wp\/v2\/types\/post"}],"author":[{"embeddable":true,"href":"https:\/\/www.feuerwehr-florian.com\/index.php?rest_route=\/wp\/v2\/users\/8"}],"replies":[{"embeddable":true,"href":"https:\/\/www.feuerwehr-florian.com\/index.php?rest_route=%2Fwp%2Fv2%2Fcomments&post=4645"}],"version-history":[{"count":1,"href":"https:\/\/www.feuerwehr-florian.com\/index.php?rest_route=\/wp\/v2\/posts\/4645\/revisions"}],"predecessor-version":[{"id":4648,"href":"https:\/\/www.feuerwehr-florian.com\/index.php?rest_route=\/wp\/v2\/posts\/4645\/revisions\/4648"}],"wp:featuredmedia":[{"embeddable":true,"href":"https:\/\/www.feuerwehr-florian.com\/index.php?rest_route=\/wp\/v2\/media\/4646"}],"wp:attachment":[{"href":"https:\/\/www.feuerwehr-florian.com\/index.php?rest_route=%2Fwp%2Fv2%2Fmedia&parent=4645"}],"wp:term":[{"taxonomy":"category","embeddable":true,"href":"https:\/\/www.feuerwehr-florian.com\/index.php?rest_route=%2Fwp%2Fv2%2Fcategories&post=4645"},{"taxonomy":"post_tag","embeddable":true,"href":"https:\/\/www.feuerwehr-florian.com\/index.php?rest_route=%2Fwp%2Fv2%2Ftags&post=4645"}],"curies":[{"name":"wp","href":"https:\/\/api.w.org\/{rel}","templated":true}]}}