{"id":4713,"date":"2010-07-15T23:09:23","date_gmt":"2010-07-15T21:09:23","guid":{"rendered":"http:\/\/www.feuerwehr-florian.com\/?p=4713"},"modified":"2016-01-17T11:44:06","modified_gmt":"2016-01-17T10:44:06","slug":"brandverdacht-nach-blitzschlag-2","status":"publish","type":"post","link":"https:\/\/www.feuerwehr-florian.com\/?p=4713","title":{"rendered":"Brandverdacht nach Blitzschlag"},"content":{"rendered":"<p>Die Feuerwehr St. Florian wurde in den sp\u00e4ten Abendstunden (23:09) des 15. Juli 2010 zu einem &#8222;Brandeinsatz &#8211; vermutlich durch Blitzschlag&#8220; in die Thannstra\u00dfe gerufen.<\/p>\n<p>Nach einer kurzen Lageerkundung durch den Einsatzleiter konnte der Einschlagpunkt rasch lokalisiert werden. Die Satellitenanlage des Hauses wurde von einem Blitz getroffen und fing kurz Feuer. Die SAT-Anlage und die elektrischen Leitungen l\u00f6schten sich, noch vor dem Eintreffen der Einsatzkr\u00e4fe, selbst. Der Elektro-Verteiler, die elektrischen Leitungen und die Satellitensch\u00fcssel wurden schwer besch\u00e4digt.<\/p>\n<p>Die Feuerwehr St. Florian stand mit 23 Mann und 3 Fahrzeugen (KRF-A, TLF-A 2000 und DL-K 25) rund eine halbe Stunde im Einsatz.<\/p>\n","protected":false},"excerpt":{"rendered":"<p>Die Feuerwehr St. Florian wurde in den sp\u00e4ten Abendstunden (23:09) des 15. Juli 2010 zu einem &#8222;Brandeinsatz &#8211; vermutlich durch Blitzschlag&#8220; in die Thannstra\u00dfe gerufen. Nach einer kurzen Lageerkundung durch den Einsatzleiter konnte der Einschlagpunkt rasch lokalisiert werden. Die Satellitenanlage des Hauses wurde von einem Blitz getroffen und fing kurz Feuer. Die SAT-Anlage und die<\/p>\n<p><a class=\"more-link\" href=\"https:\/\/www.feuerwehr-florian.com\/?p=4713\">Weiterlesen<\/a><\/p>\n","protected":false},"author":8,"featured_media":4629,"comment_status":"closed","ping_status":"closed","sticky":false,"template":"","format":"standard","meta":{"_jetpack_memberships_contains_paid_content":false,"footnotes":"","jetpack_publicize_message":"","jetpack_publicize_feature_enabled":true,"jetpack_social_post_already_shared":false,"jetpack_social_options":{"image_generator_settings":{"template":"highway","default_image_id":0,"font":"","enabled":false},"version":2}},"categories":[22],"tags":[86,104,29,63],"class_list":["post-4713","post","type-post","status-publish","format-standard","has-post-thumbnail","hentry","category-einsaetze","tag-86","tag-blitzschlag","tag-brandeinsatz","tag-brandverdacht"],"jetpack_publicize_connections":[],"jetpack_featured_media_url":"https:\/\/www.feuerwehr-florian.com\/wp-content\/uploads\/2016\/01\/Symbolfoto9.jpg","jetpack_sharing_enabled":true,"jetpack_likes_enabled":true,"_links":{"self":[{"href":"https:\/\/www.feuerwehr-florian.com\/index.php?rest_route=\/wp\/v2\/posts\/4713","targetHints":{"allow":["GET"]}}],"collection":[{"href":"https:\/\/www.feuerwehr-florian.com\/index.php?rest_route=\/wp\/v2\/posts"}],"about":[{"href":"https:\/\/www.feuerwehr-florian.com\/index.php?rest_route=\/wp\/v2\/types\/post"}],"author":[{"embeddable":true,"href":"https:\/\/www.feuerwehr-florian.com\/index.php?rest_route=\/wp\/v2\/users\/8"}],"replies":[{"embeddable":true,"href":"https:\/\/www.feuerwehr-florian.com\/index.php?rest_route=%2Fwp%2Fv2%2Fcomments&post=4713"}],"version-history":[{"count":1,"href":"https:\/\/www.feuerwehr-florian.com\/index.php?rest_route=\/wp\/v2\/posts\/4713\/revisions"}],"predecessor-version":[{"id":4714,"href":"https:\/\/www.feuerwehr-florian.com\/index.php?rest_route=\/wp\/v2\/posts\/4713\/revisions\/4714"}],"wp:featuredmedia":[{"embeddable":true,"href":"https:\/\/www.feuerwehr-florian.com\/index.php?rest_route=\/wp\/v2\/media\/4629"}],"wp:attachment":[{"href":"https:\/\/www.feuerwehr-florian.com\/index.php?rest_route=%2Fwp%2Fv2%2Fmedia&parent=4713"}],"wp:term":[{"taxonomy":"category","embeddable":true,"href":"https:\/\/www.feuerwehr-florian.com\/index.php?rest_route=%2Fwp%2Fv2%2Fcategories&post=4713"},{"taxonomy":"post_tag","embeddable":true,"href":"https:\/\/www.feuerwehr-florian.com\/index.php?rest_route=%2Fwp%2Fv2%2Ftags&post=4713"}],"curies":[{"name":"wp","href":"https:\/\/api.w.org\/{rel}","templated":true}]}}