{"id":4759,"date":"2010-11-23T23:59:07","date_gmt":"2010-11-23T22:59:07","guid":{"rendered":"http:\/\/www.feuerwehr-florian.com\/?p=4759"},"modified":"2016-01-17T12:12:14","modified_gmt":"2016-01-17T11:12:14","slug":"unterstuetzung-der-polizei-einbruchsverdacht","status":"publish","type":"post","link":"https:\/\/www.feuerwehr-florian.com\/?p=4759","title":{"rendered":"Unterst\u00fctzung der Polizei &#8211; Einbruchsverdacht"},"content":{"rendered":"<p>In der Nacht von Dienstag auf Mittwoch wurde die Feuerwehr St. Florian von der Polizei zu einem Einsatz alarmiert. Ein Kabel hing von einem Dach in der Thannstra\u00dfe und wurde somit als Indiz f\u00fcr einen Einbruch vermutet. Es stellte sich jedoch heraus, dass dieses Kabel die Stromversorgung f\u00fcr die baldige Weihnachtsbeleuchtung werden sollte. Im Einsatz standen zwei Mann mit der Drehleiter.<\/p>\n","protected":false},"excerpt":{"rendered":"<p>In der Nacht von Dienstag auf Mittwoch wurde die Feuerwehr St. Florian von der Polizei zu einem Einsatz alarmiert. Ein Kabel hing von einem Dach in der Thannstra\u00dfe und wurde somit als Indiz f\u00fcr einen Einbruch vermutet. Es stellte sich jedoch heraus, dass dieses Kabel die Stromversorgung f\u00fcr die baldige Weihnachtsbeleuchtung werden sollte. Im Einsatz<\/p>\n<p><a class=\"more-link\" href=\"https:\/\/www.feuerwehr-florian.com\/?p=4759\">Weiterlesen<\/a><\/p>\n","protected":false},"author":8,"featured_media":4629,"comment_status":"closed","ping_status":"closed","sticky":false,"template":"","format":"standard","meta":{"_jetpack_memberships_contains_paid_content":false,"footnotes":"","jetpack_publicize_message":"","jetpack_publicize_feature_enabled":true,"jetpack_social_post_already_shared":false,"jetpack_social_options":{"image_generator_settings":{"template":"highway","default_image_id":0,"font":"","enabled":false},"version":2}},"categories":[22],"tags":[86,107,4],"class_list":["post-4759","post","type-post","status-publish","format-standard","has-post-thumbnail","hentry","category-einsaetze","tag-86","tag-drehleiter","tag-einsatz"],"jetpack_publicize_connections":[],"jetpack_featured_media_url":"https:\/\/www.feuerwehr-florian.com\/wp-content\/uploads\/2016\/01\/Symbolfoto9.jpg","jetpack_sharing_enabled":true,"jetpack_likes_enabled":true,"_links":{"self":[{"href":"https:\/\/www.feuerwehr-florian.com\/index.php?rest_route=\/wp\/v2\/posts\/4759","targetHints":{"allow":["GET"]}}],"collection":[{"href":"https:\/\/www.feuerwehr-florian.com\/index.php?rest_route=\/wp\/v2\/posts"}],"about":[{"href":"https:\/\/www.feuerwehr-florian.com\/index.php?rest_route=\/wp\/v2\/types\/post"}],"author":[{"embeddable":true,"href":"https:\/\/www.feuerwehr-florian.com\/index.php?rest_route=\/wp\/v2\/users\/8"}],"replies":[{"embeddable":true,"href":"https:\/\/www.feuerwehr-florian.com\/index.php?rest_route=%2Fwp%2Fv2%2Fcomments&post=4759"}],"version-history":[{"count":1,"href":"https:\/\/www.feuerwehr-florian.com\/index.php?rest_route=\/wp\/v2\/posts\/4759\/revisions"}],"predecessor-version":[{"id":4760,"href":"https:\/\/www.feuerwehr-florian.com\/index.php?rest_route=\/wp\/v2\/posts\/4759\/revisions\/4760"}],"wp:featuredmedia":[{"embeddable":true,"href":"https:\/\/www.feuerwehr-florian.com\/index.php?rest_route=\/wp\/v2\/media\/4629"}],"wp:attachment":[{"href":"https:\/\/www.feuerwehr-florian.com\/index.php?rest_route=%2Fwp%2Fv2%2Fmedia&parent=4759"}],"wp:term":[{"taxonomy":"category","embeddable":true,"href":"https:\/\/www.feuerwehr-florian.com\/index.php?rest_route=%2Fwp%2Fv2%2Fcategories&post=4759"},{"taxonomy":"post_tag","embeddable":true,"href":"https:\/\/www.feuerwehr-florian.com\/index.php?rest_route=%2Fwp%2Fv2%2Ftags&post=4759"}],"curies":[{"name":"wp","href":"https:\/\/api.w.org\/{rel}","templated":true}]}}