{"id":480,"date":"2014-06-09T12:50:44","date_gmt":"2014-06-09T10:50:44","guid":{"rendered":"http:\/\/wp.feuerwehr-florian.com\/?p=480"},"modified":"2016-01-02T14:36:16","modified_gmt":"2016-01-02T13:36:16","slug":"fahrzeugbergung-nach-verkehrsunfall","status":"publish","type":"post","link":"https:\/\/www.feuerwehr-florian.com\/?p=480","title":{"rendered":"Fahrzeugbergung nach Verkehrsunfall"},"content":{"rendered":"<p>Zu dem bereits zweiten Einsatz an diesem Tag wurde die FF St. Florian um 12:50 Uhr alarmiert.<\/p>\n<p><!--more--><\/p>\n<p>und einem Motorrad. Der PKW kam dabei von der Stra\u00dfe ab, \u00fcberschlug sich und kam im Stra\u00dfengraben zum liegen. Die Aufgabe der FF St. Florian beschr\u00e4nkte sich auf das Binden von ausgeflossen Mineral\u00f6l und auf das Absichern der Unfallstelle. Nachdem die Bergung durch einen privaten Abschleppunternehmer abgeschlossen war, konnte der Einsatz f\u00fcr die FF St. Florian beendet werden. Im Einsatz standen 25 Mann mit drei Fahrzeugen.<\/p>\n\n\t\t<style type=\"text\/css\">\n\t\t\t#gallery-1 {\n\t\t\t\tmargin: auto;\n\t\t\t}\n\t\t\t#gallery-1 .gallery-item {\n\t\t\t\tfloat: left;\n\t\t\t\tmargin-top: 10px;\n\t\t\t\ttext-align: center;\n\t\t\t\twidth: 33%;\n\t\t\t}\n\t\t\t#gallery-1 img {\n\t\t\t\tborder: 2px solid #cfcfcf;\n\t\t\t}\n\t\t\t#gallery-1 .gallery-caption {\n\t\t\t\tmargin-left: 0;\n\t\t\t}\n\t\t\t\/* see gallery_shortcode() in wp-includes\/media.php *\/\n\t\t<\/style>\n\t\t<div id='gallery-1' class='gallery galleryid-480 gallery-columns-3 gallery-size-thumbnail'><dl class='gallery-item'>\n\t\t\t<dt class='gallery-icon landscape'>\n\t\t\t\t<a href='https:\/\/www.feuerwehr-florian.com\/wp-content\/uploads\/2016\/01\/DSC_0017.jpg' title=\"\" data-rl_title=\"\" class=\"rl-gallery-link\" data-rl_caption=\"\" data-rel=\"lightbox-gallery-1\"><img loading=\"lazy\" decoding=\"async\" width=\"250\" height=\"250\" src=\"https:\/\/www.feuerwehr-florian.com\/wp-content\/uploads\/2016\/01\/DSC_0017-250x250.jpg\" class=\"attachment-thumbnail size-thumbnail\" alt=\"\" \/><\/a>\n\t\t\t<\/dt><\/dl><dl class='gallery-item'>\n\t\t\t<dt class='gallery-icon landscape'>\n\t\t\t\t<a href='https:\/\/www.feuerwehr-florian.com\/wp-content\/uploads\/2016\/01\/DSC_0020.jpg' title=\"\" data-rl_title=\"\" class=\"rl-gallery-link\" data-rl_caption=\"\" data-rel=\"lightbox-gallery-1\"><img loading=\"lazy\" decoding=\"async\" width=\"250\" height=\"250\" src=\"https:\/\/www.feuerwehr-florian.com\/wp-content\/uploads\/2016\/01\/DSC_0020-250x250.jpg\" class=\"attachment-thumbnail size-thumbnail\" alt=\"\" \/><\/a>\n\t\t\t<\/dt><\/dl><dl class='gallery-item'>\n\t\t\t<dt class='gallery-icon landscape'>\n\t\t\t\t<a href='https:\/\/www.feuerwehr-florian.com\/wp-content\/uploads\/2016\/01\/DSC_0027-1.jpg' title=\"\" data-rl_title=\"\" class=\"rl-gallery-link\" data-rl_caption=\"\" data-rel=\"lightbox-gallery-1\"><img loading=\"lazy\" decoding=\"async\" width=\"250\" height=\"250\" src=\"https:\/\/www.feuerwehr-florian.com\/wp-content\/uploads\/2016\/01\/DSC_0027-1-250x250.jpg\" class=\"attachment-thumbnail size-thumbnail\" alt=\"\" \/><\/a>\n\t\t\t<\/dt><\/dl><br style=\"clear: both\" \/>\n\t\t<\/div>\n\n","protected":false},"excerpt":{"rendered":"<p>Zu dem bereits zweiten Einsatz an diesem Tag wurde die FF St. Florian um 12:50 Uhr alarmiert.<\/p>\n","protected":false},"author":2,"featured_media":483,"comment_status":"closed","ping_status":"closed","sticky":false,"template":"","format":"standard","meta":{"_jetpack_memberships_contains_paid_content":false,"footnotes":"","jetpack_publicize_message":"","jetpack_publicize_feature_enabled":true,"jetpack_social_post_already_shared":false,"jetpack_social_options":{"image_generator_settings":{"template":"highway","default_image_id":0,"font":"","enabled":false},"version":2}},"categories":[22],"tags":[58,32,8,9,10],"class_list":["post-480","post","type-post","status-publish","format-standard","has-post-thumbnail","hentry","category-einsaetze","tag-58","tag-fahrzeugbergung","tag-technischer-einsatz","tag-unfall","tag-verkehrsunfall"],"jetpack_publicize_connections":[],"jetpack_featured_media_url":"https:\/\/www.feuerwehr-florian.com\/wp-content\/uploads\/2016\/01\/DSC_0027-1.jpg","jetpack_sharing_enabled":true,"jetpack_likes_enabled":true,"_links":{"self":[{"href":"https:\/\/www.feuerwehr-florian.com\/index.php?rest_route=\/wp\/v2\/posts\/480","targetHints":{"allow":["GET"]}}],"collection":[{"href":"https:\/\/www.feuerwehr-florian.com\/index.php?rest_route=\/wp\/v2\/posts"}],"about":[{"href":"https:\/\/www.feuerwehr-florian.com\/index.php?rest_route=\/wp\/v2\/types\/post"}],"author":[{"embeddable":true,"href":"https:\/\/www.feuerwehr-florian.com\/index.php?rest_route=\/wp\/v2\/users\/2"}],"replies":[{"embeddable":true,"href":"https:\/\/www.feuerwehr-florian.com\/index.php?rest_route=%2Fwp%2Fv2%2Fcomments&post=480"}],"version-history":[{"count":1,"href":"https:\/\/www.feuerwehr-florian.com\/index.php?rest_route=\/wp\/v2\/posts\/480\/revisions"}],"predecessor-version":[{"id":484,"href":"https:\/\/www.feuerwehr-florian.com\/index.php?rest_route=\/wp\/v2\/posts\/480\/revisions\/484"}],"wp:featuredmedia":[{"embeddable":true,"href":"https:\/\/www.feuerwehr-florian.com\/index.php?rest_route=\/wp\/v2\/media\/483"}],"wp:attachment":[{"href":"https:\/\/www.feuerwehr-florian.com\/index.php?rest_route=%2Fwp%2Fv2%2Fmedia&parent=480"}],"wp:term":[{"taxonomy":"category","embeddable":true,"href":"https:\/\/www.feuerwehr-florian.com\/index.php?rest_route=%2Fwp%2Fv2%2Fcategories&post=480"},{"taxonomy":"post_tag","embeddable":true,"href":"https:\/\/www.feuerwehr-florian.com\/index.php?rest_route=%2Fwp%2Fv2%2Ftags&post=480"}],"curies":[{"name":"wp","href":"https:\/\/api.w.org\/{rel}","templated":true}]}}