{"id":4806,"date":"2016-01-17T14:30:29","date_gmt":"2016-01-17T13:30:29","guid":{"rendered":"http:\/\/www.feuerwehr-florian.com\/?p=4806"},"modified":"2016-03-03T13:18:59","modified_gmt":"2016-03-03T12:18:59","slug":"fahrzeugbergung-in-der-stiftsstrasse","status":"publish","type":"post","link":"https:\/\/www.feuerwehr-florian.com\/?p=4806","title":{"rendered":"Fahrzeugbergung in der Stiftstra\u00dfe"},"content":{"rendered":"<p>Gerade von der <strong><a href=\"http:\/\/www.feuerwehr-florian.com\/?p=4804\">T\u00fcr\u00f6ffnung<\/a><\/strong> in die Einsatzzentrale einger\u00fcckt, kam ein besorgter Fahrzeuglenker in die Fahrzeughalle und berichtete, dass er mit seinem Fahrzeug von einem Parkplatz in die Wiese gerutscht war.<\/p>\n<p><!--more--><\/p>\n<p>Die anwesende Mannschaft machte sich mit dem <strong><a href=\"http:\/\/www.feuerwehr-florian.com\/?page_id=3047\">TLFA 2000<\/a><\/strong> sowie dem <strong><a href=\"http:\/\/www.feuerwehr-florian.com\/?page_id=3049\">LF-A<\/a> <\/strong>auf den Weg, um den Fahrzeuglenker aus seiner misslichen Lage zu helfen. Mit Hilfe von Unterlegeholz und der Seilwinde gelang es, den PKW wieder auf die Stra\u00dfe zu ziehen. Nach rund 30 Minuten war auch dieser Einsatz f\u00fcr die Kameraden der FF St. Florian beendet.<\/p>\n<p><a href=\"http:\/\/www.feuerwehr-florian.com\/wp-content\/uploads\/2016\/01\/Symbolfoto7.jpg\" rel=\"attachment wp-att-4627\" data-rel=\"lightbox-gallery-w8dBqtTT\" data-rl_title=\"\" data-rl_caption=\"\" title=\"\"><img loading=\"lazy\" decoding=\"async\" class=\"alignleft size-full wp-image-4627\" src=\"http:\/\/www.feuerwehr-florian.com\/wp-content\/uploads\/2016\/01\/Symbolfoto7.jpg\" alt=\"\" width=\"1024\" height=\"573\" srcset=\"https:\/\/www.feuerwehr-florian.com\/wp-content\/uploads\/2016\/01\/Symbolfoto7.jpg 1024w, https:\/\/www.feuerwehr-florian.com\/wp-content\/uploads\/2016\/01\/Symbolfoto7-1000x560.jpg 1000w\" sizes=\"auto, (max-width: 1024px) 100vw, 1024px\" \/><\/a><\/p>\n","protected":false},"excerpt":{"rendered":"<p>Gerade von der T\u00fcr\u00f6ffnung in die Einsatzzentrale einger\u00fcckt, kam ein besorgter Fahrzeuglenker in die Fahrzeughalle und berichtete, dass er mit seinem Fahrzeug von einem Parkplatz in die Wiese gerutscht war.<\/p>\n","protected":false},"author":2,"featured_media":4627,"comment_status":"closed","ping_status":"closed","sticky":false,"template":"","format":"standard","meta":{"_jetpack_memberships_contains_paid_content":false,"footnotes":"","jetpack_publicize_message":"","jetpack_publicize_feature_enabled":true,"jetpack_social_post_already_shared":false,"jetpack_social_options":{"image_generator_settings":{"template":"highway","default_image_id":0,"font":"","enabled":false},"version":2}},"categories":[22],"tags":[88,32,19,8],"class_list":["post-4806","post","type-post","status-publish","format-standard","has-post-thumbnail","hentry","category-einsaetze","tag-88","tag-fahrzeugbergung","tag-kfz","tag-technischer-einsatz"],"jetpack_publicize_connections":[],"jetpack_featured_media_url":"https:\/\/www.feuerwehr-florian.com\/wp-content\/uploads\/2016\/01\/Symbolfoto7.jpg","jetpack_sharing_enabled":true,"jetpack_likes_enabled":true,"_links":{"self":[{"href":"https:\/\/www.feuerwehr-florian.com\/index.php?rest_route=\/wp\/v2\/posts\/4806","targetHints":{"allow":["GET"]}}],"collection":[{"href":"https:\/\/www.feuerwehr-florian.com\/index.php?rest_route=\/wp\/v2\/posts"}],"about":[{"href":"https:\/\/www.feuerwehr-florian.com\/index.php?rest_route=\/wp\/v2\/types\/post"}],"author":[{"embeddable":true,"href":"https:\/\/www.feuerwehr-florian.com\/index.php?rest_route=\/wp\/v2\/users\/2"}],"replies":[{"embeddable":true,"href":"https:\/\/www.feuerwehr-florian.com\/index.php?rest_route=%2Fwp%2Fv2%2Fcomments&post=4806"}],"version-history":[{"count":6,"href":"https:\/\/www.feuerwehr-florian.com\/index.php?rest_route=\/wp\/v2\/posts\/4806\/revisions"}],"predecessor-version":[{"id":5427,"href":"https:\/\/www.feuerwehr-florian.com\/index.php?rest_route=\/wp\/v2\/posts\/4806\/revisions\/5427"}],"wp:featuredmedia":[{"embeddable":true,"href":"https:\/\/www.feuerwehr-florian.com\/index.php?rest_route=\/wp\/v2\/media\/4627"}],"wp:attachment":[{"href":"https:\/\/www.feuerwehr-florian.com\/index.php?rest_route=%2Fwp%2Fv2%2Fmedia&parent=4806"}],"wp:term":[{"taxonomy":"category","embeddable":true,"href":"https:\/\/www.feuerwehr-florian.com\/index.php?rest_route=%2Fwp%2Fv2%2Fcategories&post=4806"},{"taxonomy":"post_tag","embeddable":true,"href":"https:\/\/www.feuerwehr-florian.com\/index.php?rest_route=%2Fwp%2Fv2%2Ftags&post=4806"}],"curies":[{"name":"wp","href":"https:\/\/api.w.org\/{rel}","templated":true}]}}