{"id":4897,"date":"2011-03-28T21:11:03","date_gmt":"2011-03-28T19:11:03","guid":{"rendered":"http:\/\/www.feuerwehr-florian.com\/?p=4897"},"modified":"2016-01-17T21:13:20","modified_gmt":"2016-01-17T20:13:20","slug":"verkehrsunfall-fahrzeug-im-ipfbach","status":"publish","type":"post","link":"https:\/\/www.feuerwehr-florian.com\/?p=4897","title":{"rendered":"Verkehrsunfall &#8211; Fahrzeug im Ipfbach"},"content":{"rendered":"<p>Am 28.03.2011 um 20:34 wurde die Feuerwehr St. Florian mit dem Einsatztext &#8222;PKW im Ipfbach zwischen den Kreisverkehren&#8220; zu einem Verkehrsunfall alarmiert.<\/p>\n<p><!--more--><\/p>\n<p>An der Einsatzstelle konnte festgestellt werden, dass ein PKW von der Ipf-Landesstra\u00dfe abgekom<img loading=\"lazy\" decoding=\"async\" class=\"alignnone size-full wp-image-4898\" src=\"http:\/\/www.feuerwehr-florian.com\/wp-content\/uploads\/2016\/01\/DSC_4077.jpg\" alt=\"DSC_4077\" width=\"768\" height=\"510\" srcset=\"https:\/\/www.feuerwehr-florian.com\/wp-content\/uploads\/2016\/01\/DSC_4077.jpg 768w, https:\/\/www.feuerwehr-florian.com\/wp-content\/uploads\/2016\/01\/DSC_4077-300x200.jpg 300w, https:\/\/www.feuerwehr-florian.com\/wp-content\/uploads\/2016\/01\/DSC_4077-450x300.jpg 450w\" sizes=\"auto, (max-width: 768px) 100vw, 768px\" \/> <img loading=\"lazy\" decoding=\"async\" class=\"alignnone size-medium wp-image-4899\" src=\"http:\/\/www.feuerwehr-florian.com\/wp-content\/uploads\/2016\/01\/DSC_4079.jpg\" alt=\"DSC_4079\" width=\"768\" height=\"510\" srcset=\"https:\/\/www.feuerwehr-florian.com\/wp-content\/uploads\/2016\/01\/DSC_4079.jpg 768w, https:\/\/www.feuerwehr-florian.com\/wp-content\/uploads\/2016\/01\/DSC_4079-300x200.jpg 300w, https:\/\/www.feuerwehr-florian.com\/wp-content\/uploads\/2016\/01\/DSC_4079-450x300.jpg 450w\" sizes=\"auto, (max-width: 768px) 100vw, 768px\" \/> <img loading=\"lazy\" decoding=\"async\" class=\"alignnone size-medium wp-image-4900\" src=\"http:\/\/www.feuerwehr-florian.com\/wp-content\/uploads\/2016\/01\/DSC_4085.jpg\" alt=\"DSC_4085\" width=\"768\" height=\"510\" srcset=\"https:\/\/www.feuerwehr-florian.com\/wp-content\/uploads\/2016\/01\/DSC_4085.jpg 768w, https:\/\/www.feuerwehr-florian.com\/wp-content\/uploads\/2016\/01\/DSC_4085-300x200.jpg 300w, https:\/\/www.feuerwehr-florian.com\/wp-content\/uploads\/2016\/01\/DSC_4085-450x300.jpg 450w\" sizes=\"auto, (max-width: 768px) 100vw, 768px\" \/> <img loading=\"lazy\" decoding=\"async\" class=\"alignnone size-medium wp-image-4901\" src=\"http:\/\/www.feuerwehr-florian.com\/wp-content\/uploads\/2016\/01\/DSC_4096.jpg\" alt=\"DSC_4096\" width=\"768\" height=\"510\" srcset=\"https:\/\/www.feuerwehr-florian.com\/wp-content\/uploads\/2016\/01\/DSC_4096.jpg 768w, https:\/\/www.feuerwehr-florian.com\/wp-content\/uploads\/2016\/01\/DSC_4096-300x200.jpg 300w, https:\/\/www.feuerwehr-florian.com\/wp-content\/uploads\/2016\/01\/DSC_4096-450x300.jpg 450w\" sizes=\"auto, (max-width: 768px) 100vw, 768px\" \/> <img loading=\"lazy\" decoding=\"async\" class=\"alignnone size-medium wp-image-4902\" src=\"http:\/\/www.feuerwehr-florian.com\/wp-content\/uploads\/2016\/01\/DSC_4097.jpg\" alt=\"DSC_4097\" width=\"768\" height=\"510\" srcset=\"https:\/\/www.feuerwehr-florian.com\/wp-content\/uploads\/2016\/01\/DSC_4097.jpg 768w, https:\/\/www.feuerwehr-florian.com\/wp-content\/uploads\/2016\/01\/DSC_4097-300x200.jpg 300w, https:\/\/www.feuerwehr-florian.com\/wp-content\/uploads\/2016\/01\/DSC_4097-450x300.jpg 450w\" sizes=\"auto, (max-width: 768px) 100vw, 768px\" \/> <img loading=\"lazy\" decoding=\"async\" class=\"alignnone size-medium wp-image-4903\" src=\"http:\/\/www.feuerwehr-florian.com\/wp-content\/uploads\/2016\/01\/DSC_4102.jpg\" alt=\"DSC_4102\" width=\"768\" height=\"510\" srcset=\"https:\/\/www.feuerwehr-florian.com\/wp-content\/uploads\/2016\/01\/DSC_4102.jpg 768w, https:\/\/www.feuerwehr-florian.com\/wp-content\/uploads\/2016\/01\/DSC_4102-300x200.jpg 300w, https:\/\/www.feuerwehr-florian.com\/wp-content\/uploads\/2016\/01\/DSC_4102-450x300.jpg 450w\" sizes=\"auto, (max-width: 768px) 100vw, 768px\" \/>men war und im Ipfbach zum Stehen kam. Die Insassen konnten sich selbst aus dem Fahrzeug befreien und blieben unverletzt.<\/p>\n<p>Die T\u00e4tigkeiten der Feuerwehr beschr\u00e4nkten sich auf die Vermeidung von Umweltgefahren durch ausflie\u00dfendes Mineral\u00f6l. Als Erstma\u00dfnahme wurde eine provisorische \u00d6lsperre im Nahbereich zum Unfallort und in weiterer Folge eine \u00d6lsperre mehrere Hundert Meter flussabw\u00e4rts errichtet.\u00a0 Zurzeit kann davon ausgegangen werden, dass keine merkbare Menge an Mineral\u00f6l ausgeflossen ist, jedoch wird die \u00d6lsperre sicherheitshalber noch im Bach situiert bleiben. Ein Abschleppdienst wurde f\u00fcr die Bergung des Fahrzeuges herangezogen.<\/p>\n<p>Die Feuerwehr St. Florian stand mit 5 Fahrzeugen und 31 Mann knapp 2 Stunden im Einsatz.<\/p>\n","protected":false},"excerpt":{"rendered":"<p>Am 28.03.2011 um 20:34 wurde die Feuerwehr St. Florian mit dem Einsatztext &#8222;PKW im Ipfbach zwischen den Kreisverkehren&#8220; zu einem Verkehrsunfall alarmiert.<\/p>\n","protected":false},"author":11,"featured_media":4902,"comment_status":"closed","ping_status":"closed","sticky":false,"template":"","format":"standard","meta":{"_jetpack_memberships_contains_paid_content":false,"footnotes":"","jetpack_publicize_message":"","jetpack_publicize_feature_enabled":true,"jetpack_social_post_already_shared":false,"jetpack_social_options":{"image_generator_settings":{"template":"highway","default_image_id":0,"font":"","enabled":false},"version":2}},"categories":[22],"tags":[85,4,8,9,10],"class_list":["post-4897","post","type-post","status-publish","format-standard","has-post-thumbnail","hentry","category-einsaetze","tag-85","tag-einsatz","tag-technischer-einsatz","tag-unfall","tag-verkehrsunfall"],"jetpack_publicize_connections":[],"jetpack_featured_media_url":"https:\/\/www.feuerwehr-florian.com\/wp-content\/uploads\/2016\/01\/DSC_4097.jpg","jetpack_sharing_enabled":true,"jetpack_likes_enabled":true,"_links":{"self":[{"href":"https:\/\/www.feuerwehr-florian.com\/index.php?rest_route=\/wp\/v2\/posts\/4897","targetHints":{"allow":["GET"]}}],"collection":[{"href":"https:\/\/www.feuerwehr-florian.com\/index.php?rest_route=\/wp\/v2\/posts"}],"about":[{"href":"https:\/\/www.feuerwehr-florian.com\/index.php?rest_route=\/wp\/v2\/types\/post"}],"author":[{"embeddable":true,"href":"https:\/\/www.feuerwehr-florian.com\/index.php?rest_route=\/wp\/v2\/users\/11"}],"replies":[{"embeddable":true,"href":"https:\/\/www.feuerwehr-florian.com\/index.php?rest_route=%2Fwp%2Fv2%2Fcomments&post=4897"}],"version-history":[{"count":1,"href":"https:\/\/www.feuerwehr-florian.com\/index.php?rest_route=\/wp\/v2\/posts\/4897\/revisions"}],"predecessor-version":[{"id":4904,"href":"https:\/\/www.feuerwehr-florian.com\/index.php?rest_route=\/wp\/v2\/posts\/4897\/revisions\/4904"}],"wp:featuredmedia":[{"embeddable":true,"href":"https:\/\/www.feuerwehr-florian.com\/index.php?rest_route=\/wp\/v2\/media\/4902"}],"wp:attachment":[{"href":"https:\/\/www.feuerwehr-florian.com\/index.php?rest_route=%2Fwp%2Fv2%2Fmedia&parent=4897"}],"wp:term":[{"taxonomy":"category","embeddable":true,"href":"https:\/\/www.feuerwehr-florian.com\/index.php?rest_route=%2Fwp%2Fv2%2Fcategories&post=4897"},{"taxonomy":"post_tag","embeddable":true,"href":"https:\/\/www.feuerwehr-florian.com\/index.php?rest_route=%2Fwp%2Fv2%2Ftags&post=4897"}],"curies":[{"name":"wp","href":"https:\/\/api.w.org\/{rel}","templated":true}]}}