{"id":4949,"date":"2011-05-27T11:38:10","date_gmt":"2011-05-27T09:38:10","guid":{"rendered":"http:\/\/www.feuerwehr-florian.com\/?p=4949"},"modified":"2016-01-19T11:40:49","modified_gmt":"2016-01-19T10:40:49","slug":"schwerer-verkehrsunfall-zwischen-st-florian-und-niederneukirchen","status":"publish","type":"post","link":"https:\/\/www.feuerwehr-florian.com\/?p=4949","title":{"rendered":"Schwerer Verkehrsunfall zwischen St. Florian und Niederneukirchen"},"content":{"rendered":"<p>Am 27.05.2011 um 15:28 wurde die Feuerwehr St. Florian mit den Stichworten \u201eVerkehrsunfall Aufr\u00e4umarbeiten, Richtung Hamberg Niederneukirchen\u201c alarmiert.<\/p>\n<p><!--more--><\/p>\n<p>Da der Einsatzort nicht genau bekannt war, wurde zuerst mit der Landeswarnzentrale R\u00fccksprache gehalten um den genauen Einsatzort zu erfahren. In weiterer Folge wurde die Feuerwehr Niederneukirchen nachalarmiert.<\/p>\n<p>An der Einsatzstelle konnte festgestellt werden, dass 3 PKW\u00b4s auf der Wolferner-Landesstra\u00dfe Richtung Niederneukirchen kollidiert waren. Die insgesamt vier Insassen wurden bis zum Eintreffen der Feuerwehr bereits von Ersthelfern aus den Fahrzeugen befreit. Die unbestimmten Grades verletzten Personen konnten zeitig dem Rettungsdienst \u00fcbergeben und danach abtransportiert werden.<\/p>\n<p>Die T\u00e4tigkeiten der Feuerwehr St. Florian beschr\u00e4nkten sich auf das Abklemmen der Batterien und auf Aufr\u00e4umarbeiten, um die Stra\u00dfe schnellstm\u00f6glich wieder dem Verkehr freizugeben. Da sich der Unfallort im Gemeindegebiet von Niederneukirchen befunden hat, wurden die restlichen Aufr\u00e4umarbeiten von der FF Niederneukirchen durchgef\u00fchrt.<\/p>\n<p>Die Feuerwehr St. Florian stand mit 3 Fahrzeugen und 30 Mann f\u00fcr 45 Minuten im Einsatz.<\/p>\n<p><a href=\"http:\/\/www.nachrichten.at\/nachrichten\/fotogalerien\/cme98295,407039\">O\u00d6 Nachrichten<\/a><\/p>\n<p><a href=\"http:\/\/www.ff-niederneukirchen.at\/index.php?option=com_content&amp;view=article&amp;id=150:verkehrsunfall-wolferner-landesstrasse-am-27052011&amp;catid=37:einsatz&amp;Itemid=65\">FF Niederneukirchen<\/a><\/p>\n<p>&nbsp;<\/p>\n\n\t\t<style type=\"text\/css\">\n\t\t\t#gallery-1 {\n\t\t\t\tmargin: auto;\n\t\t\t}\n\t\t\t#gallery-1 .gallery-item {\n\t\t\t\tfloat: left;\n\t\t\t\tmargin-top: 10px;\n\t\t\t\ttext-align: center;\n\t\t\t\twidth: 33%;\n\t\t\t}\n\t\t\t#gallery-1 img {\n\t\t\t\tborder: 2px solid #cfcfcf;\n\t\t\t}\n\t\t\t#gallery-1 .gallery-caption {\n\t\t\t\tmargin-left: 0;\n\t\t\t}\n\t\t\t\/* see gallery_shortcode() in wp-includes\/media.php *\/\n\t\t<\/style>\n\t\t<div id='gallery-1' class='gallery galleryid-4949 gallery-columns-3 gallery-size-thumbnail'><dl class='gallery-item'>\n\t\t\t<dt class='gallery-icon landscape'>\n\t\t\t\t<a href='https:\/\/www.feuerwehr-florian.com\/wp-content\/uploads\/2016\/01\/IMG_0320.jpg' title=\"\" data-rl_title=\"\" class=\"rl-gallery-link\" data-rl_caption=\"\" data-rel=\"lightbox-gallery-1\"><img loading=\"lazy\" decoding=\"async\" width=\"250\" height=\"250\" src=\"https:\/\/www.feuerwehr-florian.com\/wp-content\/uploads\/2016\/01\/IMG_0320-250x250.jpg\" class=\"attachment-thumbnail size-thumbnail\" alt=\"\" \/><\/a>\n\t\t\t<\/dt><\/dl><dl class='gallery-item'>\n\t\t\t<dt class='gallery-icon landscape'>\n\t\t\t\t<a href='https:\/\/www.feuerwehr-florian.com\/wp-content\/uploads\/2016\/01\/IMG_0321.jpg' title=\"\" data-rl_title=\"\" class=\"rl-gallery-link\" data-rl_caption=\"\" data-rel=\"lightbox-gallery-1\"><img loading=\"lazy\" decoding=\"async\" width=\"250\" height=\"250\" src=\"https:\/\/www.feuerwehr-florian.com\/wp-content\/uploads\/2016\/01\/IMG_0321-250x250.jpg\" class=\"attachment-thumbnail size-thumbnail\" alt=\"\" \/><\/a>\n\t\t\t<\/dt><\/dl><dl class='gallery-item'>\n\t\t\t<dt class='gallery-icon landscape'>\n\t\t\t\t<a href='https:\/\/www.feuerwehr-florian.com\/wp-content\/uploads\/2016\/01\/IMG_0322.jpg' title=\"\" data-rl_title=\"\" class=\"rl-gallery-link\" data-rl_caption=\"\" data-rel=\"lightbox-gallery-1\"><img loading=\"lazy\" decoding=\"async\" width=\"250\" height=\"250\" src=\"https:\/\/www.feuerwehr-florian.com\/wp-content\/uploads\/2016\/01\/IMG_0322-250x250.jpg\" class=\"attachment-thumbnail size-thumbnail\" alt=\"\" \/><\/a>\n\t\t\t<\/dt><\/dl><br style=\"clear: both\" \/><dl class='gallery-item'>\n\t\t\t<dt class='gallery-icon landscape'>\n\t\t\t\t<a href='https:\/\/www.feuerwehr-florian.com\/wp-content\/uploads\/2016\/01\/IMG_0327.jpg' title=\"\" data-rl_title=\"\" class=\"rl-gallery-link\" data-rl_caption=\"\" data-rel=\"lightbox-gallery-1\"><img loading=\"lazy\" decoding=\"async\" width=\"250\" height=\"250\" src=\"https:\/\/www.feuerwehr-florian.com\/wp-content\/uploads\/2016\/01\/IMG_0327-250x250.jpg\" class=\"attachment-thumbnail size-thumbnail\" alt=\"\" \/><\/a>\n\t\t\t<\/dt><\/dl><dl class='gallery-item'>\n\t\t\t<dt class='gallery-icon landscape'>\n\t\t\t\t<a href='https:\/\/www.feuerwehr-florian.com\/wp-content\/uploads\/2016\/01\/IMG_0330.jpg' title=\"\" data-rl_title=\"\" class=\"rl-gallery-link\" data-rl_caption=\"\" data-rel=\"lightbox-gallery-1\"><img loading=\"lazy\" decoding=\"async\" width=\"250\" height=\"250\" src=\"https:\/\/www.feuerwehr-florian.com\/wp-content\/uploads\/2016\/01\/IMG_0330-250x250.jpg\" class=\"attachment-thumbnail size-thumbnail\" alt=\"\" \/><\/a>\n\t\t\t<\/dt><\/dl><dl class='gallery-item'>\n\t\t\t<dt class='gallery-icon landscape'>\n\t\t\t\t<a href='https:\/\/www.feuerwehr-florian.com\/wp-content\/uploads\/2016\/01\/IMG_0333.jpg' title=\"\" data-rl_title=\"\" class=\"rl-gallery-link\" data-rl_caption=\"\" data-rel=\"lightbox-gallery-1\"><img loading=\"lazy\" decoding=\"async\" width=\"250\" height=\"250\" src=\"https:\/\/www.feuerwehr-florian.com\/wp-content\/uploads\/2016\/01\/IMG_0333-250x250.jpg\" class=\"attachment-thumbnail size-thumbnail\" alt=\"\" \/><\/a>\n\t\t\t<\/dt><\/dl><br style=\"clear: both\" \/><dl class='gallery-item'>\n\t\t\t<dt class='gallery-icon landscape'>\n\t\t\t\t<a href='https:\/\/www.feuerwehr-florian.com\/wp-content\/uploads\/2016\/01\/IMG_0342.jpg' title=\"\" data-rl_title=\"\" class=\"rl-gallery-link\" data-rl_caption=\"\" data-rel=\"lightbox-gallery-1\"><img loading=\"lazy\" decoding=\"async\" width=\"250\" height=\"250\" src=\"https:\/\/www.feuerwehr-florian.com\/wp-content\/uploads\/2016\/01\/IMG_0342-250x250.jpg\" class=\"attachment-thumbnail size-thumbnail\" alt=\"\" \/><\/a>\n\t\t\t<\/dt><\/dl>\n\t\t\t<br style='clear: both' \/>\n\t\t<\/div>\n\n","protected":false},"excerpt":{"rendered":"<p>Am 27.05.2011 um 15:28 wurde die Feuerwehr St. Florian mit den Stichworten \u201eVerkehrsunfall Aufr\u00e4umarbeiten, Richtung Hamberg Niederneukirchen\u201c alarmiert.<\/p>\n","protected":false},"author":11,"featured_media":4952,"comment_status":"closed","ping_status":"closed","sticky":false,"template":"","format":"standard","meta":{"_jetpack_memberships_contains_paid_content":false,"footnotes":"","jetpack_publicize_message":"","jetpack_publicize_feature_enabled":true,"jetpack_social_post_already_shared":false,"jetpack_social_options":{"image_generator_settings":{"template":"highway","default_image_id":0,"font":"","enabled":false},"version":2}},"categories":[22],"tags":[85,4,8,9,10,100],"class_list":["post-4949","post","type-post","status-publish","format-standard","has-post-thumbnail","hentry","category-einsaetze","tag-85","tag-einsatz","tag-technischer-einsatz","tag-unfall","tag-verkehrsunfall","tag-verletzt"],"jetpack_publicize_connections":[],"jetpack_featured_media_url":"https:\/\/www.feuerwehr-florian.com\/wp-content\/uploads\/2016\/01\/IMG_0322.jpg","jetpack_sharing_enabled":true,"jetpack_likes_enabled":true,"_links":{"self":[{"href":"https:\/\/www.feuerwehr-florian.com\/index.php?rest_route=\/wp\/v2\/posts\/4949","targetHints":{"allow":["GET"]}}],"collection":[{"href":"https:\/\/www.feuerwehr-florian.com\/index.php?rest_route=\/wp\/v2\/posts"}],"about":[{"href":"https:\/\/www.feuerwehr-florian.com\/index.php?rest_route=\/wp\/v2\/types\/post"}],"author":[{"embeddable":true,"href":"https:\/\/www.feuerwehr-florian.com\/index.php?rest_route=\/wp\/v2\/users\/11"}],"replies":[{"embeddable":true,"href":"https:\/\/www.feuerwehr-florian.com\/index.php?rest_route=%2Fwp%2Fv2%2Fcomments&post=4949"}],"version-history":[{"count":1,"href":"https:\/\/www.feuerwehr-florian.com\/index.php?rest_route=\/wp\/v2\/posts\/4949\/revisions"}],"predecessor-version":[{"id":4957,"href":"https:\/\/www.feuerwehr-florian.com\/index.php?rest_route=\/wp\/v2\/posts\/4949\/revisions\/4957"}],"wp:featuredmedia":[{"embeddable":true,"href":"https:\/\/www.feuerwehr-florian.com\/index.php?rest_route=\/wp\/v2\/media\/4952"}],"wp:attachment":[{"href":"https:\/\/www.feuerwehr-florian.com\/index.php?rest_route=%2Fwp%2Fv2%2Fmedia&parent=4949"}],"wp:term":[{"taxonomy":"category","embeddable":true,"href":"https:\/\/www.feuerwehr-florian.com\/index.php?rest_route=%2Fwp%2Fv2%2Fcategories&post=4949"},{"taxonomy":"post_tag","embeddable":true,"href":"https:\/\/www.feuerwehr-florian.com\/index.php?rest_route=%2Fwp%2Fv2%2Ftags&post=4949"}],"curies":[{"name":"wp","href":"https:\/\/api.w.org\/{rel}","templated":true}]}}