{"id":4985,"date":"2011-08-21T12:01:06","date_gmt":"2011-08-21T10:01:06","guid":{"rendered":"http:\/\/www.feuerwehr-florian.com\/?p=4985"},"modified":"2016-01-19T12:02:45","modified_gmt":"2016-01-19T11:02:45","slug":"kind-in-notlage-tueroeffnung","status":"publish","type":"post","link":"https:\/\/www.feuerwehr-florian.com\/?p=4985","title":{"rendered":"Kind in Notlage &#8211; T\u00fcr\u00f6ffnung"},"content":{"rendered":"<p>Am Sonntag, den 21.8.2011 wurde die Feuerwehr Markt St. Florian gegen 10.30 zu einern T\u00fcr\u00f6ffnung in die Ziegeleistra\u00dfe alamiert.<\/p>\n<p><!--more--><\/p>\n<p>Ein\u00a0Kleinkind hatte sich unabsichtlich im elterlichen Schlafzimmer eingesperrt und den Schl\u00fcssel abgezogen. Da kein anderer Schl\u00fcssel aus der Wohnung die T\u00fcre sperrte und das Kind von sich aus die T\u00fcre nicht mehr \u00f6ffnen konnte, musste die Feuerwehr mittels Leiter \u00fcber das gekippte Fenster im ersten Stock einsteigen um das Kind aus der misslichen Lage zu befreien. Die Feuerwehr St. Florian stand mit 3 Fahrzeugen und 36 Mann im Einsatz.<\/p>\n\n\t\t<style type=\"text\/css\">\n\t\t\t#gallery-1 {\n\t\t\t\tmargin: auto;\n\t\t\t}\n\t\t\t#gallery-1 .gallery-item {\n\t\t\t\tfloat: left;\n\t\t\t\tmargin-top: 10px;\n\t\t\t\ttext-align: center;\n\t\t\t\twidth: 33%;\n\t\t\t}\n\t\t\t#gallery-1 img {\n\t\t\t\tborder: 2px solid #cfcfcf;\n\t\t\t}\n\t\t\t#gallery-1 .gallery-caption {\n\t\t\t\tmargin-left: 0;\n\t\t\t}\n\t\t\t\/* see gallery_shortcode() in wp-includes\/media.php *\/\n\t\t<\/style>\n\t\t<div id='gallery-1' class='gallery galleryid-4985 gallery-columns-3 gallery-size-thumbnail'><dl class='gallery-item'>\n\t\t\t<dt class='gallery-icon landscape'>\n\t\t\t\t<a href='https:\/\/www.feuerwehr-florian.com\/wp-content\/uploads\/2016\/01\/DSC_6661.jpg' title=\"\" data-rl_title=\"\" class=\"rl-gallery-link\" data-rl_caption=\"\" data-rel=\"lightbox-gallery-1\"><img loading=\"lazy\" decoding=\"async\" width=\"250\" height=\"250\" src=\"https:\/\/www.feuerwehr-florian.com\/wp-content\/uploads\/2016\/01\/DSC_6661-250x250.jpg\" class=\"attachment-thumbnail size-thumbnail\" alt=\"\" \/><\/a>\n\t\t\t<\/dt><\/dl>\n\t\t\t<br style='clear: both' \/>\n\t\t<\/div>\n\n","protected":false},"excerpt":{"rendered":"<p>Am Sonntag, den 21.8.2011 wurde die Feuerwehr Markt St. Florian gegen 10.30 zu einern T\u00fcr\u00f6ffnung in die Ziegeleistra\u00dfe alamiert.<\/p>\n","protected":false},"author":11,"featured_media":4986,"comment_status":"closed","ping_status":"closed","sticky":false,"template":"","format":"standard","meta":{"_jetpack_memberships_contains_paid_content":false,"footnotes":"","jetpack_publicize_message":"","jetpack_publicize_feature_enabled":true,"jetpack_social_post_already_shared":false,"jetpack_social_options":{"image_generator_settings":{"template":"highway","default_image_id":0,"font":"","enabled":false},"version":2}},"categories":[22],"tags":[85,4,59,7],"class_list":["post-4985","post","type-post","status-publish","format-standard","has-post-thumbnail","hentry","category-einsaetze","tag-85","tag-einsatz","tag-personenrettung","tag-tueroeffnung"],"jetpack_publicize_connections":[],"jetpack_featured_media_url":"https:\/\/www.feuerwehr-florian.com\/wp-content\/uploads\/2016\/01\/DSC_6661.jpg","jetpack_sharing_enabled":true,"jetpack_likes_enabled":true,"_links":{"self":[{"href":"https:\/\/www.feuerwehr-florian.com\/index.php?rest_route=\/wp\/v2\/posts\/4985","targetHints":{"allow":["GET"]}}],"collection":[{"href":"https:\/\/www.feuerwehr-florian.com\/index.php?rest_route=\/wp\/v2\/posts"}],"about":[{"href":"https:\/\/www.feuerwehr-florian.com\/index.php?rest_route=\/wp\/v2\/types\/post"}],"author":[{"embeddable":true,"href":"https:\/\/www.feuerwehr-florian.com\/index.php?rest_route=\/wp\/v2\/users\/11"}],"replies":[{"embeddable":true,"href":"https:\/\/www.feuerwehr-florian.com\/index.php?rest_route=%2Fwp%2Fv2%2Fcomments&post=4985"}],"version-history":[{"count":1,"href":"https:\/\/www.feuerwehr-florian.com\/index.php?rest_route=\/wp\/v2\/posts\/4985\/revisions"}],"predecessor-version":[{"id":4987,"href":"https:\/\/www.feuerwehr-florian.com\/index.php?rest_route=\/wp\/v2\/posts\/4985\/revisions\/4987"}],"wp:featuredmedia":[{"embeddable":true,"href":"https:\/\/www.feuerwehr-florian.com\/index.php?rest_route=\/wp\/v2\/media\/4986"}],"wp:attachment":[{"href":"https:\/\/www.feuerwehr-florian.com\/index.php?rest_route=%2Fwp%2Fv2%2Fmedia&parent=4985"}],"wp:term":[{"taxonomy":"category","embeddable":true,"href":"https:\/\/www.feuerwehr-florian.com\/index.php?rest_route=%2Fwp%2Fv2%2Fcategories&post=4985"},{"taxonomy":"post_tag","embeddable":true,"href":"https:\/\/www.feuerwehr-florian.com\/index.php?rest_route=%2Fwp%2Fv2%2Ftags&post=4985"}],"curies":[{"name":"wp","href":"https:\/\/api.w.org\/{rel}","templated":true}]}}