{"id":5022,"date":"2011-10-09T12:13:24","date_gmt":"2011-10-09T10:13:24","guid":{"rendered":"http:\/\/www.feuerwehr-florian.com\/?p=5022"},"modified":"2016-01-19T12:14:54","modified_gmt":"2016-01-19T11:14:54","slug":"pkw-brand-durch-feuerwehrmann-geloescht","status":"publish","type":"post","link":"https:\/\/www.feuerwehr-florian.com\/?p=5022","title":{"rendered":"PKW-Brand durch Feuerwehrmann gel\u00f6scht"},"content":{"rendered":"<p>Sonntagnachmittag fing auf der Umfahrungsstra\u00dfe H\u00f6he Enzing ein PKW aus unbekannter Ursache im Motorraum Feuer.<\/p>\n<p><!--more--><\/p>\n<p>Der ehemalige Kommandant der FF St. Florian E-HBI Karl Pree, war zu diesem Zeitpunkt auch auf der Umfahrungsstra\u00dfe unterwegs, als er den brennenden PKW bemerkte. Er blieb sofort stehen und setzte darauf den Notruf ab, um die FF St. Florian zu alarmieren. Danach bek\u00e4mpfte er die Flammen mit einem Feuerl\u00f6scher und einer L\u00f6schdecke und konnte somit den Brand l\u00f6schen. Die kurz darauf eintreffende FF St. Florian brauchte nicht mehr einzugreifen und f\u00fchrte nur mehr Absicherungsarbeiten durch. Weiteres wurde der PKW auf einen nahe gelegenen G\u00fcterweg gesichert abgestellt und der Abschleppdienst verst\u00e4ndigt. Im Einsatz standen 33 Mann der FF St. Florian mit vier Fahrzeugen 40 Minuten lang.<\/p>\n<p>&nbsp;<\/p>\n\n\t\t<style type=\"text\/css\">\n\t\t\t#gallery-1 {\n\t\t\t\tmargin: auto;\n\t\t\t}\n\t\t\t#gallery-1 .gallery-item {\n\t\t\t\tfloat: left;\n\t\t\t\tmargin-top: 10px;\n\t\t\t\ttext-align: center;\n\t\t\t\twidth: 33%;\n\t\t\t}\n\t\t\t#gallery-1 img {\n\t\t\t\tborder: 2px solid #cfcfcf;\n\t\t\t}\n\t\t\t#gallery-1 .gallery-caption {\n\t\t\t\tmargin-left: 0;\n\t\t\t}\n\t\t\t\/* see gallery_shortcode() in wp-includes\/media.php *\/\n\t\t<\/style>\n\t\t<div id='gallery-1' class='gallery galleryid-5022 gallery-columns-3 gallery-size-thumbnail'><dl class='gallery-item'>\n\t\t\t<dt class='gallery-icon landscape'>\n\t\t\t\t<a href='https:\/\/www.feuerwehr-florian.com\/wp-content\/uploads\/2016\/01\/DSC_7375.jpg' title=\"\" data-rl_title=\"\" class=\"rl-gallery-link\" data-rl_caption=\"\" data-rel=\"lightbox-gallery-1\"><img loading=\"lazy\" decoding=\"async\" width=\"250\" height=\"250\" src=\"https:\/\/www.feuerwehr-florian.com\/wp-content\/uploads\/2016\/01\/DSC_7375-250x250.jpg\" class=\"attachment-thumbnail size-thumbnail\" alt=\"\" \/><\/a>\n\t\t\t<\/dt><\/dl><dl class='gallery-item'>\n\t\t\t<dt class='gallery-icon landscape'>\n\t\t\t\t<a href='https:\/\/www.feuerwehr-florian.com\/wp-content\/uploads\/2016\/01\/DSC_7374.jpg' title=\"\" data-rl_title=\"\" class=\"rl-gallery-link\" data-rl_caption=\"\" data-rel=\"lightbox-gallery-1\"><img loading=\"lazy\" decoding=\"async\" width=\"250\" height=\"250\" src=\"https:\/\/www.feuerwehr-florian.com\/wp-content\/uploads\/2016\/01\/DSC_7374-250x250.jpg\" class=\"attachment-thumbnail size-thumbnail\" alt=\"\" \/><\/a>\n\t\t\t<\/dt><\/dl><dl class='gallery-item'>\n\t\t\t<dt class='gallery-icon portrait'>\n\t\t\t\t<a href='https:\/\/www.feuerwehr-florian.com\/wp-content\/uploads\/2016\/01\/DSC_7370.jpg' title=\"\" data-rl_title=\"\" class=\"rl-gallery-link\" data-rl_caption=\"\" data-rel=\"lightbox-gallery-1\"><img loading=\"lazy\" decoding=\"async\" width=\"250\" height=\"250\" src=\"https:\/\/www.feuerwehr-florian.com\/wp-content\/uploads\/2016\/01\/DSC_7370-250x250.jpg\" class=\"attachment-thumbnail size-thumbnail\" alt=\"\" \/><\/a>\n\t\t\t<\/dt><\/dl><br style=\"clear: both\" \/><dl class='gallery-item'>\n\t\t\t<dt class='gallery-icon landscape'>\n\t\t\t\t<a href='https:\/\/www.feuerwehr-florian.com\/wp-content\/uploads\/2016\/01\/DSC_7367.jpg' title=\"\" data-rl_title=\"\" class=\"rl-gallery-link\" data-rl_caption=\"\" data-rel=\"lightbox-gallery-1\"><img loading=\"lazy\" decoding=\"async\" width=\"250\" height=\"250\" src=\"https:\/\/www.feuerwehr-florian.com\/wp-content\/uploads\/2016\/01\/DSC_7367-250x250.jpg\" class=\"attachment-thumbnail size-thumbnail\" alt=\"\" \/><\/a>\n\t\t\t<\/dt><\/dl><dl class='gallery-item'>\n\t\t\t<dt class='gallery-icon landscape'>\n\t\t\t\t<a href='https:\/\/www.feuerwehr-florian.com\/wp-content\/uploads\/2016\/01\/DSC_7366.jpg' title=\"\" data-rl_title=\"\" class=\"rl-gallery-link\" data-rl_caption=\"\" data-rel=\"lightbox-gallery-1\"><img loading=\"lazy\" decoding=\"async\" width=\"250\" height=\"250\" src=\"https:\/\/www.feuerwehr-florian.com\/wp-content\/uploads\/2016\/01\/DSC_7366-250x250.jpg\" class=\"attachment-thumbnail size-thumbnail\" alt=\"\" \/><\/a>\n\t\t\t<\/dt><\/dl>\n\t\t\t<br style='clear: both' \/>\n\t\t<\/div>\n\n<p>&nbsp;<\/p>\n","protected":false},"excerpt":{"rendered":"<p>Sonntagnachmittag fing auf der Umfahrungsstra\u00dfe H\u00f6he Enzing ein PKW aus unbekannter Ursache im Motorraum Feuer.<\/p>\n","protected":false},"author":11,"featured_media":5025,"comment_status":"closed","ping_status":"closed","sticky":false,"template":"","format":"standard","meta":{"_jetpack_memberships_contains_paid_content":false,"footnotes":"","jetpack_publicize_message":"","jetpack_publicize_feature_enabled":true,"jetpack_social_post_already_shared":false,"jetpack_social_options":{"image_generator_settings":{"template":"highway","default_image_id":0,"font":"","enabled":false},"version":2}},"categories":[22],"tags":[85,3,53,19],"class_list":["post-5022","post","type-post","status-publish","format-standard","has-post-thumbnail","hentry","category-einsaetze","tag-85","tag-brand","tag-fahrzeugbrand","tag-kfz"],"jetpack_publicize_connections":[],"jetpack_featured_media_url":"https:\/\/www.feuerwehr-florian.com\/wp-content\/uploads\/2016\/01\/DSC_7370.jpg","jetpack_sharing_enabled":true,"jetpack_likes_enabled":true,"_links":{"self":[{"href":"https:\/\/www.feuerwehr-florian.com\/index.php?rest_route=\/wp\/v2\/posts\/5022","targetHints":{"allow":["GET"]}}],"collection":[{"href":"https:\/\/www.feuerwehr-florian.com\/index.php?rest_route=\/wp\/v2\/posts"}],"about":[{"href":"https:\/\/www.feuerwehr-florian.com\/index.php?rest_route=\/wp\/v2\/types\/post"}],"author":[{"embeddable":true,"href":"https:\/\/www.feuerwehr-florian.com\/index.php?rest_route=\/wp\/v2\/users\/11"}],"replies":[{"embeddable":true,"href":"https:\/\/www.feuerwehr-florian.com\/index.php?rest_route=%2Fwp%2Fv2%2Fcomments&post=5022"}],"version-history":[{"count":1,"href":"https:\/\/www.feuerwehr-florian.com\/index.php?rest_route=\/wp\/v2\/posts\/5022\/revisions"}],"predecessor-version":[{"id":5028,"href":"https:\/\/www.feuerwehr-florian.com\/index.php?rest_route=\/wp\/v2\/posts\/5022\/revisions\/5028"}],"wp:featuredmedia":[{"embeddable":true,"href":"https:\/\/www.feuerwehr-florian.com\/index.php?rest_route=\/wp\/v2\/media\/5025"}],"wp:attachment":[{"href":"https:\/\/www.feuerwehr-florian.com\/index.php?rest_route=%2Fwp%2Fv2%2Fmedia&parent=5022"}],"wp:term":[{"taxonomy":"category","embeddable":true,"href":"https:\/\/www.feuerwehr-florian.com\/index.php?rest_route=%2Fwp%2Fv2%2Fcategories&post=5022"},{"taxonomy":"post_tag","embeddable":true,"href":"https:\/\/www.feuerwehr-florian.com\/index.php?rest_route=%2Fwp%2Fv2%2Ftags&post=5022"}],"curies":[{"name":"wp","href":"https:\/\/api.w.org\/{rel}","templated":true}]}}