{"id":5042,"date":"2011-10-31T12:18:36","date_gmt":"2011-10-31T11:18:36","guid":{"rendered":"http:\/\/www.feuerwehr-florian.com\/?p=5042"},"modified":"2016-01-19T12:19:25","modified_gmt":"2016-01-19T11:19:25","slug":"brandmeldealarm-entpuppt-sich-als-mistkuebelbrand","status":"publish","type":"post","link":"https:\/\/www.feuerwehr-florian.com\/?p=5042","title":{"rendered":"Brandmeldealarm entpuppt sich als Mistk\u00fcbelbrand"},"content":{"rendered":"<p>Montag Morgen, genau um 07:00 Uhr, wurde die FF St. Florian zu einem Brandmeldealarm ins Gewerbegebiet im Astenfeld gerufen.<\/p>\n<p><!--more--><\/p>\n<p>Kurz nach der Alarmierung r\u00fcckten drei Fahrzeuge zum Einsatzort aus. Dort wurde bei der Erkundung des Einsatzleiters festgestellt, dass ein Mistk\u00fcbel Feuer gefangen hat und somit den Brandmelder ausgel\u00f6st hat. Der Brand wurde bereits vor dem Eintreffen der FF St. Florian durch Firmenmitarbeiter gel\u00f6scht. Die FF St. Florian stand mit drei Fahrzeugen und 22 Mann eine halbe Stunde lang im Einsatz.<\/p>\n","protected":false},"excerpt":{"rendered":"<p>Montag Morgen, genau um 07:00 Uhr, wurde die FF St. Florian zu einem Brandmeldealarm ins Gewerbegebiet im Astenfeld gerufen.<\/p>\n","protected":false},"author":11,"featured_media":4853,"comment_status":"closed","ping_status":"closed","sticky":false,"template":"","format":"standard","meta":{"_jetpack_memberships_contains_paid_content":false,"footnotes":"","jetpack_publicize_message":"","jetpack_publicize_feature_enabled":true,"jetpack_social_post_already_shared":false,"jetpack_social_options":{"image_generator_settings":{"template":"highway","default_image_id":0,"font":"","enabled":false},"version":2}},"categories":[22],"tags":[85,3,29,16],"class_list":["post-5042","post","type-post","status-publish","format-standard","has-post-thumbnail","hentry","category-einsaetze","tag-85","tag-brand","tag-brandeinsatz","tag-brandmeldealarm"],"jetpack_publicize_connections":[],"jetpack_featured_media_url":"https:\/\/www.feuerwehr-florian.com\/wp-content\/uploads\/2016\/01\/Symbolfoto3-1.jpg","jetpack_sharing_enabled":true,"jetpack_likes_enabled":true,"_links":{"self":[{"href":"https:\/\/www.feuerwehr-florian.com\/index.php?rest_route=\/wp\/v2\/posts\/5042","targetHints":{"allow":["GET"]}}],"collection":[{"href":"https:\/\/www.feuerwehr-florian.com\/index.php?rest_route=\/wp\/v2\/posts"}],"about":[{"href":"https:\/\/www.feuerwehr-florian.com\/index.php?rest_route=\/wp\/v2\/types\/post"}],"author":[{"embeddable":true,"href":"https:\/\/www.feuerwehr-florian.com\/index.php?rest_route=\/wp\/v2\/users\/11"}],"replies":[{"embeddable":true,"href":"https:\/\/www.feuerwehr-florian.com\/index.php?rest_route=%2Fwp%2Fv2%2Fcomments&post=5042"}],"version-history":[{"count":1,"href":"https:\/\/www.feuerwehr-florian.com\/index.php?rest_route=\/wp\/v2\/posts\/5042\/revisions"}],"predecessor-version":[{"id":5043,"href":"https:\/\/www.feuerwehr-florian.com\/index.php?rest_route=\/wp\/v2\/posts\/5042\/revisions\/5043"}],"wp:featuredmedia":[{"embeddable":true,"href":"https:\/\/www.feuerwehr-florian.com\/index.php?rest_route=\/wp\/v2\/media\/4853"}],"wp:attachment":[{"href":"https:\/\/www.feuerwehr-florian.com\/index.php?rest_route=%2Fwp%2Fv2%2Fmedia&parent=5042"}],"wp:term":[{"taxonomy":"category","embeddable":true,"href":"https:\/\/www.feuerwehr-florian.com\/index.php?rest_route=%2Fwp%2Fv2%2Fcategories&post=5042"},{"taxonomy":"post_tag","embeddable":true,"href":"https:\/\/www.feuerwehr-florian.com\/index.php?rest_route=%2Fwp%2Fv2%2Ftags&post=5042"}],"curies":[{"name":"wp","href":"https:\/\/api.w.org\/{rel}","templated":true}]}}