{"id":5240,"date":"2009-09-03T18:01:40","date_gmt":"2009-09-03T16:01:40","guid":{"rendered":"http:\/\/www.feuerwehr-florian.com\/?p=5240"},"modified":"2016-01-24T18:03:23","modified_gmt":"2016-01-24T17:03:23","slug":"pkw-bergung-in-mickstetten","status":"publish","type":"post","link":"https:\/\/www.feuerwehr-florian.com\/?p=5240","title":{"rendered":"PKW-Bergung in Mickstetten"},"content":{"rendered":"<div class=\"article-content\">Um 07:49 Uhr wurde die Feuerwehr St. Florian mittels Pager zu Aufr\u00e4umarbeiten nach einem Verkehrsunfall in Mickstetten gerufen.<\/div>\n<div class=\"article-content\"><\/div>\n<p><!--more--><\/p>\n<div class=\"article-content\">Am Einsatzort stellte sich heraus, dass ein Fahrzeug nach einem Ausweichman\u00f6ver im Stra\u00dfengraben zum stehen kam. Die Bergung wurde durch einen zuf\u00e4llig vorbei kommenden Bauern durchgef\u00fchrt. Die Arbeit der Feuerwehr beschr\u00e4nkte sich auf Absicherungsma\u00dfnahmen. Im Einsatz standen 7 Mann mit dem TLF-A 2000 und dem LF-B eine halbe Stunde.<\/div>\n<p><span class=\"article_separator\">\u00a0<\/span><\/p>\n","protected":false},"excerpt":{"rendered":"<p>Um 07:49 Uhr wurde die Feuerwehr St. Florian mittels Pager zu Aufr\u00e4umarbeiten nach einem Verkehrsunfall in Mickstetten gerufen.<\/p>\n","protected":false},"author":11,"featured_media":4855,"comment_status":"closed","ping_status":"closed","sticky":false,"template":"","format":"standard","meta":{"_jetpack_memberships_contains_paid_content":false,"footnotes":"","jetpack_publicize_message":"","jetpack_publicize_feature_enabled":true,"jetpack_social_post_already_shared":false,"jetpack_social_options":{"image_generator_settings":{"template":"highway","default_image_id":0,"font":"","enabled":false},"version":2}},"categories":[22],"tags":[87,4,32,19,8],"class_list":["post-5240","post","type-post","status-publish","format-standard","has-post-thumbnail","hentry","category-einsaetze","tag-87","tag-einsatz","tag-fahrzeugbergung","tag-kfz","tag-technischer-einsatz"],"jetpack_publicize_connections":[],"jetpack_featured_media_url":"https:\/\/www.feuerwehr-florian.com\/wp-content\/uploads\/2016\/01\/Symbolfoto5-1.jpg","jetpack_sharing_enabled":true,"jetpack_likes_enabled":true,"_links":{"self":[{"href":"https:\/\/www.feuerwehr-florian.com\/index.php?rest_route=\/wp\/v2\/posts\/5240","targetHints":{"allow":["GET"]}}],"collection":[{"href":"https:\/\/www.feuerwehr-florian.com\/index.php?rest_route=\/wp\/v2\/posts"}],"about":[{"href":"https:\/\/www.feuerwehr-florian.com\/index.php?rest_route=\/wp\/v2\/types\/post"}],"author":[{"embeddable":true,"href":"https:\/\/www.feuerwehr-florian.com\/index.php?rest_route=\/wp\/v2\/users\/11"}],"replies":[{"embeddable":true,"href":"https:\/\/www.feuerwehr-florian.com\/index.php?rest_route=%2Fwp%2Fv2%2Fcomments&post=5240"}],"version-history":[{"count":1,"href":"https:\/\/www.feuerwehr-florian.com\/index.php?rest_route=\/wp\/v2\/posts\/5240\/revisions"}],"predecessor-version":[{"id":5241,"href":"https:\/\/www.feuerwehr-florian.com\/index.php?rest_route=\/wp\/v2\/posts\/5240\/revisions\/5241"}],"wp:featuredmedia":[{"embeddable":true,"href":"https:\/\/www.feuerwehr-florian.com\/index.php?rest_route=\/wp\/v2\/media\/4855"}],"wp:attachment":[{"href":"https:\/\/www.feuerwehr-florian.com\/index.php?rest_route=%2Fwp%2Fv2%2Fmedia&parent=5240"}],"wp:term":[{"taxonomy":"category","embeddable":true,"href":"https:\/\/www.feuerwehr-florian.com\/index.php?rest_route=%2Fwp%2Fv2%2Fcategories&post=5240"},{"taxonomy":"post_tag","embeddable":true,"href":"https:\/\/www.feuerwehr-florian.com\/index.php?rest_route=%2Fwp%2Fv2%2Ftags&post=5240"}],"curies":[{"name":"wp","href":"https:\/\/api.w.org\/{rel}","templated":true}]}}