{"id":5249,"date":"2009-09-15T18:07:13","date_gmt":"2009-09-15T16:07:13","guid":{"rendered":"http:\/\/www.feuerwehr-florian.com\/?p=5249"},"modified":"2016-01-24T18:09:48","modified_gmt":"2016-01-24T17:09:48","slug":"brandmeldealarm-brand-elektrische-anlagen","status":"publish","type":"post","link":"https:\/\/www.feuerwehr-florian.com\/?p=5249","title":{"rendered":"Brandmeldealarm &#8211; Brand elektrische Anlagen"},"content":{"rendered":"<p align=\"justify\">Alarmierung durch\u00a0die Landeswarnzentrale\u00a0um 19:47 zu einem Brandmeldealarm bei der Firma M\u00f6bel Lutz.<\/p>\n<p align=\"justify\"><!--more--><\/p>\n<div align=\"justify\">Auf Grund einer Betriebsbegehung im neuangelegten Betriebsbaugebiet GIP im Astenfeld, konnte sofort nach der Alarmierung ausger\u00fcckt werden. Bereits zwei Minuten nach der Alarmierung traf die Feuerwehr St. Florian mit\u00a0einem verst\u00e4rkten\u00a0L\u00f6schzug\u00a0am Einsatzort ein. Bei der Erkundung\u00a0nahm der Einsatzleiter bereits Brandgeruch war. Nach Erkundung der Lage wurde festgestellt, dass eine Klemmdose in Brand geraten war und somit den Brandmelder ausgel\u00f6st hatte. Durch das rasche Eintreffen der Feuerwehr St. Florian konnte gr\u00f6\u00dferer Schaden im Geb\u00e4ude verhindert werden. Im Einsatz standen 31 Mann mit vier Fahrzeugen.<\/div>\n<div align=\"justify\"><\/div>\n<div align=\"justify\">\n\n\t\t<style type=\"text\/css\">\n\t\t\t#gallery-1 {\n\t\t\t\tmargin: auto;\n\t\t\t}\n\t\t\t#gallery-1 .gallery-item {\n\t\t\t\tfloat: left;\n\t\t\t\tmargin-top: 10px;\n\t\t\t\ttext-align: center;\n\t\t\t\twidth: 33%;\n\t\t\t}\n\t\t\t#gallery-1 img {\n\t\t\t\tborder: 2px solid #cfcfcf;\n\t\t\t}\n\t\t\t#gallery-1 .gallery-caption {\n\t\t\t\tmargin-left: 0;\n\t\t\t}\n\t\t\t\/* see gallery_shortcode() in wp-includes\/media.php *\/\n\t\t<\/style>\n\t\t<div id='gallery-1' class='gallery galleryid-5249 gallery-columns-3 gallery-size-thumbnail'><dl class='gallery-item'>\n\t\t\t<dt class='gallery-icon landscape'>\n\t\t\t\t<a href='https:\/\/www.feuerwehr-florian.com\/wp-content\/uploads\/2016\/01\/DSC_0003-3.jpg' title=\"\" data-rl_title=\"\" class=\"rl-gallery-link\" data-rl_caption=\"\" data-rel=\"lightbox-gallery-1\"><img loading=\"lazy\" decoding=\"async\" width=\"250\" height=\"250\" src=\"https:\/\/www.feuerwehr-florian.com\/wp-content\/uploads\/2016\/01\/DSC_0003-3-250x250.jpg\" class=\"attachment-thumbnail size-thumbnail\" alt=\"\" \/><\/a>\n\t\t\t<\/dt><\/dl>\n\t\t\t<br style='clear: both' \/>\n\t\t<\/div>\n\n<\/div>\n","protected":false},"excerpt":{"rendered":"<p>Alarmierung durch\u00a0die Landeswarnzentrale\u00a0um 19:47 zu einem Brandmeldealarm bei der Firma M\u00f6bel Lutz.<\/p>\n","protected":false},"author":11,"featured_media":5250,"comment_status":"closed","ping_status":"closed","sticky":false,"template":"","format":"standard","meta":{"_jetpack_memberships_contains_paid_content":false,"footnotes":"","jetpack_publicize_message":"","jetpack_publicize_feature_enabled":true,"jetpack_social_post_already_shared":false,"jetpack_social_options":{"image_generator_settings":{"template":"highway","default_image_id":0,"font":"","enabled":false},"version":2}},"categories":[22],"tags":[87,3,4],"class_list":["post-5249","post","type-post","status-publish","format-standard","has-post-thumbnail","hentry","category-einsaetze","tag-87","tag-brand","tag-einsatz"],"jetpack_publicize_connections":[],"jetpack_featured_media_url":"https:\/\/www.feuerwehr-florian.com\/wp-content\/uploads\/2016\/01\/DSC_0003-3.jpg","jetpack_sharing_enabled":true,"jetpack_likes_enabled":true,"_links":{"self":[{"href":"https:\/\/www.feuerwehr-florian.com\/index.php?rest_route=\/wp\/v2\/posts\/5249","targetHints":{"allow":["GET"]}}],"collection":[{"href":"https:\/\/www.feuerwehr-florian.com\/index.php?rest_route=\/wp\/v2\/posts"}],"about":[{"href":"https:\/\/www.feuerwehr-florian.com\/index.php?rest_route=\/wp\/v2\/types\/post"}],"author":[{"embeddable":true,"href":"https:\/\/www.feuerwehr-florian.com\/index.php?rest_route=\/wp\/v2\/users\/11"}],"replies":[{"embeddable":true,"href":"https:\/\/www.feuerwehr-florian.com\/index.php?rest_route=%2Fwp%2Fv2%2Fcomments&post=5249"}],"version-history":[{"count":1,"href":"https:\/\/www.feuerwehr-florian.com\/index.php?rest_route=\/wp\/v2\/posts\/5249\/revisions"}],"predecessor-version":[{"id":5251,"href":"https:\/\/www.feuerwehr-florian.com\/index.php?rest_route=\/wp\/v2\/posts\/5249\/revisions\/5251"}],"wp:featuredmedia":[{"embeddable":true,"href":"https:\/\/www.feuerwehr-florian.com\/index.php?rest_route=\/wp\/v2\/media\/5250"}],"wp:attachment":[{"href":"https:\/\/www.feuerwehr-florian.com\/index.php?rest_route=%2Fwp%2Fv2%2Fmedia&parent=5249"}],"wp:term":[{"taxonomy":"category","embeddable":true,"href":"https:\/\/www.feuerwehr-florian.com\/index.php?rest_route=%2Fwp%2Fv2%2Fcategories&post=5249"},{"taxonomy":"post_tag","embeddable":true,"href":"https:\/\/www.feuerwehr-florian.com\/index.php?rest_route=%2Fwp%2Fv2%2Ftags&post=5249"}],"curies":[{"name":"wp","href":"https:\/\/api.w.org\/{rel}","templated":true}]}}