{"id":5442,"date":"2016-03-13T15:00:15","date_gmt":"2016-03-13T14:00:15","guid":{"rendered":"http:\/\/www.feuerwehr-florian.com\/?p=5442"},"modified":"2016-03-16T12:45:49","modified_gmt":"2016-03-16T11:45:49","slug":"wer-die-jugend-hat-hat-die-zukunft-kennenlernen-von-jugendrotkreuz-und-jugendfeuerwehr","status":"publish","type":"post","link":"https:\/\/www.feuerwehr-florian.com\/?p=5442","title":{"rendered":"Wer die Jugend hat, hat die Zukunft&#8230; &#8211; Kennenlernen von Jugendrotkreuz und Jugendfeuerwehr"},"content":{"rendered":"<p>Am Samstag den 13. M\u00e4rz fand erstmals ein gemeinsamer Nachmittag des Jugendrotkreuz sowie der Jugendfeuerwehr von St. Florian statt.<!--more--> Im Vordergrund stand dabei vor allem das Kennenlernen zwischen den jeweiligen Jugendlichen, sowie das hineinschnuppern in den Alltag der anderen Organisation. Gegenseitig wurden Erfahrungen und die T\u00e4tigkeiten der Einsatzorganisationen erkl\u00e4rt und auch praktisch be\u00fcbt.<\/p>\n<p>Es war bestimmt nicht der letzte Nachmittag der so miteinander verbracht wurde, da dieser Tag besonders gut bei den Jugendlichen ankam.<\/p>\n<p>Die ersten Jugendlichen des Roten Kreuzes schauen n\u00e4chsten Freitag bereits in der Jugendstunde vorbei! &#8211; Solltest auch Du Lust und Laune f\u00fcr ein hei\u00dfes Hobby haben, dann schau auch Du vorbei!<\/p>\n<p>Ab 10 Jahren kannst Du zur Jugendfeuerwehr kommen. Melde dich bei unseren Jugendbetreuer OAW Dietmar Fuchs (0660\/7659359).<\/p>\n<p>Mehr Information findest Du auch <strong><a href=\"http:\/\/www.feuerwehr-florian.com\/?page_id=858\" target=\"_blank\">HIER!<\/a><\/strong><\/p>\n<p><a href=\"http:\/\/www.feuerwehr-florian.com\/wp-content\/uploads\/2016\/03\/IMG_9231.jpg\" rel=\"attachment wp-att-5443\" data-rel=\"lightbox-gallery-aIZLxQOo\" data-rl_title=\"\" data-rl_caption=\"\" title=\"\"><img loading=\"lazy\" decoding=\"async\" class=\"alignleft wp-image-5443 size-medium\" src=\"http:\/\/www.feuerwehr-florian.com\/wp-content\/uploads\/2016\/03\/IMG_9231-1000x346.jpg\" alt=\"IMG_9231\" width=\"1000\" height=\"346\" srcset=\"https:\/\/www.feuerwehr-florian.com\/wp-content\/uploads\/2016\/03\/IMG_9231-1000x346.jpg 1000w, https:\/\/www.feuerwehr-florian.com\/wp-content\/uploads\/2016\/03\/IMG_9231.jpg 1600w\" sizes=\"auto, (max-width: 1000px) 100vw, 1000px\" \/><\/a><\/p>\n","protected":false},"excerpt":{"rendered":"<p>Am Samstag den 13. M\u00e4rz fand erstmals ein gemeinsamer Nachmittag des Jugendrotkreuz sowie der Jugendfeuerwehr von St. Florian statt.<\/p>\n","protected":false},"author":2,"featured_media":5443,"comment_status":"closed","ping_status":"closed","sticky":false,"template":"","format":"standard","meta":{"_jetpack_memberships_contains_paid_content":false,"footnotes":"","jetpack_publicize_message":"","jetpack_publicize_feature_enabled":true,"jetpack_social_post_already_shared":false,"jetpack_social_options":{"image_generator_settings":{"template":"highway","default_image_id":0,"font":"","enabled":false},"version":2}},"categories":[76],"tags":[88,78],"class_list":["post-5442","post","type-post","status-publish","format-standard","has-post-thumbnail","hentry","category-jugendfeuerwehr","tag-88","tag-jugend"],"jetpack_publicize_connections":[],"jetpack_featured_media_url":"https:\/\/www.feuerwehr-florian.com\/wp-content\/uploads\/2016\/03\/IMG_9231.jpg","jetpack_sharing_enabled":true,"jetpack_likes_enabled":true,"_links":{"self":[{"href":"https:\/\/www.feuerwehr-florian.com\/index.php?rest_route=\/wp\/v2\/posts\/5442","targetHints":{"allow":["GET"]}}],"collection":[{"href":"https:\/\/www.feuerwehr-florian.com\/index.php?rest_route=\/wp\/v2\/posts"}],"about":[{"href":"https:\/\/www.feuerwehr-florian.com\/index.php?rest_route=\/wp\/v2\/types\/post"}],"author":[{"embeddable":true,"href":"https:\/\/www.feuerwehr-florian.com\/index.php?rest_route=\/wp\/v2\/users\/2"}],"replies":[{"embeddable":true,"href":"https:\/\/www.feuerwehr-florian.com\/index.php?rest_route=%2Fwp%2Fv2%2Fcomments&post=5442"}],"version-history":[{"count":2,"href":"https:\/\/www.feuerwehr-florian.com\/index.php?rest_route=\/wp\/v2\/posts\/5442\/revisions"}],"predecessor-version":[{"id":5445,"href":"https:\/\/www.feuerwehr-florian.com\/index.php?rest_route=\/wp\/v2\/posts\/5442\/revisions\/5445"}],"wp:featuredmedia":[{"embeddable":true,"href":"https:\/\/www.feuerwehr-florian.com\/index.php?rest_route=\/wp\/v2\/media\/5443"}],"wp:attachment":[{"href":"https:\/\/www.feuerwehr-florian.com\/index.php?rest_route=%2Fwp%2Fv2%2Fmedia&parent=5442"}],"wp:term":[{"taxonomy":"category","embeddable":true,"href":"https:\/\/www.feuerwehr-florian.com\/index.php?rest_route=%2Fwp%2Fv2%2Fcategories&post=5442"},{"taxonomy":"post_tag","embeddable":true,"href":"https:\/\/www.feuerwehr-florian.com\/index.php?rest_route=%2Fwp%2Fv2%2Ftags&post=5442"}],"curies":[{"name":"wp","href":"https:\/\/api.w.org\/{rel}","templated":true}]}}