{"id":5513,"date":"2016-03-22T10:30:50","date_gmt":"2016-03-22T09:30:50","guid":{"rendered":"http:\/\/www.feuerwehr-florian.com\/?p=5513"},"modified":"2016-03-22T15:37:32","modified_gmt":"2016-03-22T14:37:32","slug":"auto-und-lkw-stiessen-frontal-zusammen-ein-toter","status":"publish","type":"post","link":"https:\/\/www.feuerwehr-florian.com\/?p=5513","title":{"rendered":"Auto und LKW stie\u00dfen frontal zusammen &#8211; ein Toter"},"content":{"rendered":"<div>\n<div class=\"blog-text_intro\">\n<p>Dienstagfr\u00fch, 22.M\u00e4rz 2016 gegen 9:00 Uhr stie\u00dfen auf der Wolfener Landesstra\u00dfe ein Pkw und ein LKW frontal zusammen und gerieten in Brand.<\/p>\n<p><!--more--><\/p>\n<\/div>\n<div class=\"blog-text\">\n<p>Vier Feuerwehren, FF Asten, FF Bruck-Hausleiten, FF Rohrbach und die FF St. Florian-Markt standen im Einsatz. Weiters waren die Polizei, die Tatortgruppe des LKA und der Polizeihubschrauber vor Ort. Die Rettung war mit zwei Fahrzeugen und dem Rettungshubschrauber an der Einsatzstelle.<\/p>\n<p>Der schwere Unfall passierte im Gemeindegebiet von St. Florian bei Linz auf der Wolferner Landesstra\u00dfe H\u00f6he Enzing. Trotz dem schnellen Eingreifen der Feuerwehren\u00a0 konnte das Leben des PKW-Lenkers nicht gerettet werden.<\/p>\n<p>Die Feuerwehr St. Florian begann nach Eintreffen unverz\u00fcglich mit einem umfassenden Schaumangriff, der von der FF Rohrbach unterst\u00fctzt wurde. Nach Abl\u00f6schen der beiden Fahrzeuge wurde eine umfangreiche Unfallaufnahme durch die Polizei durchgef\u00fchrt. Danach konnte mit der Bergung der Fahrzeuge begonnen werden, die in Zusammenarbeit mit einem Abschleppunternehmen durchgef\u00fchrt wurde.<\/p>\n<\/div>\n<p>Die FF St. Florian stand mit 18 Mann f\u00fcr ca. vier Stunden mit 4 Fahrzeugen (KRF-A, TLF-A 2000, LF-A und LAST) im Einsatz.<\/p>\n<p>Presseaussendung LPD Ober\u00f6sterreich:<br \/>\n<em>T\u00f6dliche Verletzungen erlitt am 22. M\u00e4rz 2016 ein 47-j\u00e4hriger Autofahrer aus Ansfelden. Im Gemeindegebiet Niederfraunleiten kam er aus bislang unbekannten Gr\u00fcnden mit seinem Auto auf die linke Stra\u00dfenseite und kollidierte frontal mit einem entgegenkommenden Lkw. Der 49-j\u00e4hrige Kraftfahrer aus Linz war um 8:14 Uhr mit seinem Lkw auf der Wolferner Landstra\u00dfe Richtung St. Florian unterwegs. Nach dem Zusammensto\u00df konnte sich der Lkw-Fahrer selbstst\u00e4ndig aus dem Fahrzeug befreien und wurde mit leichten Verletzungen in das Med Campus III nach Linz eingeliefert. Das Auto des 47-J\u00e4hrigen ging sofort in Flammen auf. F\u00fcr den Mann kam jede Hilfe zu sp\u00e4t. Ein unbeteiligter Fahrzeuglenker versuchte noch mittels Feuerl\u00f6scher das Fahrzeug zu l\u00f6schen, was jedoch nicht gelang. Die Flammen griffen in k\u00fcrzester Zeit auf den Lkw \u00fcber, sodass beide Fahrzeuge ausbrannten. Die Wolferner Landesstra\u00dfe in der Zeit von 8:17 bis 11:45 Uhr total gesperrt.<\/em><\/p>\n<div class=\"blog-text\">\n<p>Fotos+Video: <a href=\"http:\/\/www.fotokerschi.at\/blog\/auto-und-lkw-stiessen-frontal-zusammen-ein-toter\/\" target=\"_blank\">fotokerschi.at<\/a><\/p>\n<p>Bericht auf <a href=\"http:\/\/ooe.orf.at\/news\/stories\/2764207\/\" target=\"_blank\">orf.at<\/a><br \/>\nBericht auf <a href=\"http:\/\/www.nachrichten.at\/oberoesterreich\/Auto-und-Lkw-stiessen-frontal-zusammen-ein-Toter;art4,2184057\" target=\"_blank\">nachrichten.at<\/a><\/p>\n<p><iframe loading=\"lazy\"  id=\"_ytid_41490\"  width=\"700\" height=\"394\"  data-origwidth=\"700\" data-origheight=\"394\" src=\"https:\/\/www.youtube.com\/embed\/-LPpuBCoBTY?enablejsapi=1&#038;autoplay=0&#038;cc_load_policy=0&#038;cc_lang_pref=&#038;iv_load_policy=1&#038;loop=0&#038;rel=1&#038;fs=1&#038;playsinline=0&#038;autohide=2&#038;theme=dark&#038;color=red&#038;controls=1&#038;disablekb=0&#038;\" class=\"__youtube_prefs__  epyt-is-override  no-lazyload\" title=\"YouTube player\"  allow=\"fullscreen; accelerometer; autoplay; clipboard-write; encrypted-media; gyroscope; picture-in-picture; web-share\" referrerpolicy=\"strict-origin-when-cross-origin\" allowfullscreen data-no-lazy=\"1\" data-skipgform_ajax_framebjll=\"\"><\/iframe><\/p>\n<p><iframe loading=\"lazy\"  id=\"_ytid_54340\"  width=\"700\" height=\"394\"  data-origwidth=\"700\" data-origheight=\"394\" src=\"https:\/\/www.youtube.com\/embed\/eb-Y9-stgy8?enablejsapi=1&#038;autoplay=0&#038;cc_load_policy=0&#038;cc_lang_pref=&#038;iv_load_policy=1&#038;loop=0&#038;rel=1&#038;fs=1&#038;playsinline=0&#038;autohide=2&#038;theme=dark&#038;color=red&#038;controls=1&#038;disablekb=0&#038;\" class=\"__youtube_prefs__  epyt-is-override  no-lazyload\" title=\"YouTube player\"  allow=\"fullscreen; accelerometer; autoplay; clipboard-write; encrypted-media; gyroscope; picture-in-picture; web-share\" referrerpolicy=\"strict-origin-when-cross-origin\" allowfullscreen data-no-lazy=\"1\" data-skipgform_ajax_framebjll=\"\"><\/iframe><\/p>\n<\/div>\n<\/div>\n\n\t\t<style type=\"text\/css\">\n\t\t\t#gallery-1 {\n\t\t\t\tmargin: auto;\n\t\t\t}\n\t\t\t#gallery-1 .gallery-item {\n\t\t\t\tfloat: left;\n\t\t\t\tmargin-top: 10px;\n\t\t\t\ttext-align: center;\n\t\t\t\twidth: 33%;\n\t\t\t}\n\t\t\t#gallery-1 img {\n\t\t\t\tborder: 2px solid #cfcfcf;\n\t\t\t}\n\t\t\t#gallery-1 .gallery-caption {\n\t\t\t\tmargin-left: 0;\n\t\t\t}\n\t\t\t\/* see gallery_shortcode() in wp-includes\/media.php *\/\n\t\t<\/style>\n\t\t<div id='gallery-1' class='gallery galleryid-5513 gallery-columns-3 gallery-size-thumbnail'><dl class='gallery-item'>\n\t\t\t<dt class='gallery-icon landscape'>\n\t\t\t\t<a href='https:\/\/www.feuerwehr-florian.com\/wp-content\/uploads\/2016\/03\/20160322-2847_01.jpg' title=\"\" data-rl_title=\"\" class=\"rl-gallery-link\" data-rl_caption=\"\" data-rel=\"lightbox-gallery-1\"><img loading=\"lazy\" decoding=\"async\" width=\"250\" height=\"250\" src=\"https:\/\/www.feuerwehr-florian.com\/wp-content\/uploads\/2016\/03\/20160322-2847_01-250x250.jpg\" class=\"attachment-thumbnail size-thumbnail\" alt=\"\" \/><\/a>\n\t\t\t<\/dt><\/dl><dl class='gallery-item'>\n\t\t\t<dt class='gallery-icon landscape'>\n\t\t\t\t<a href='https:\/\/www.feuerwehr-florian.com\/wp-content\/uploads\/2016\/03\/20160322-2860_0.jpg' title=\"\" data-rl_title=\"\" class=\"rl-gallery-link\" data-rl_caption=\"\" data-rel=\"lightbox-gallery-1\"><img loading=\"lazy\" decoding=\"async\" width=\"250\" height=\"250\" src=\"https:\/\/www.feuerwehr-florian.com\/wp-content\/uploads\/2016\/03\/20160322-2860_0-250x250.jpg\" class=\"attachment-thumbnail size-thumbnail\" alt=\"\" \/><\/a>\n\t\t\t<\/dt><\/dl><dl class='gallery-item'>\n\t\t\t<dt class='gallery-icon landscape'>\n\t\t\t\t<a href='https:\/\/www.feuerwehr-florian.com\/wp-content\/uploads\/2016\/03\/20160322-2855_01.jpg' title=\"\" data-rl_title=\"\" class=\"rl-gallery-link\" data-rl_caption=\"\" data-rel=\"lightbox-gallery-1\"><img loading=\"lazy\" decoding=\"async\" width=\"250\" height=\"250\" src=\"https:\/\/www.feuerwehr-florian.com\/wp-content\/uploads\/2016\/03\/20160322-2855_01-250x250.jpg\" class=\"attachment-thumbnail size-thumbnail\" alt=\"\" \/><\/a>\n\t\t\t<\/dt><\/dl><br style=\"clear: both\" \/><dl class='gallery-item'>\n\t\t\t<dt class='gallery-icon landscape'>\n\t\t\t\t<a href='https:\/\/www.feuerwehr-florian.com\/wp-content\/uploads\/2016\/03\/20160322-2862_01.jpg' title=\"\" data-rl_title=\"\" class=\"rl-gallery-link\" data-rl_caption=\"\" data-rel=\"lightbox-gallery-1\"><img loading=\"lazy\" decoding=\"async\" width=\"250\" height=\"250\" src=\"https:\/\/www.feuerwehr-florian.com\/wp-content\/uploads\/2016\/03\/20160322-2862_01-250x250.jpg\" class=\"attachment-thumbnail size-thumbnail\" alt=\"\" \/><\/a>\n\t\t\t<\/dt><\/dl><dl class='gallery-item'>\n\t\t\t<dt class='gallery-icon landscape'>\n\t\t\t\t<a href='https:\/\/www.feuerwehr-florian.com\/wp-content\/uploads\/2016\/03\/20160322-2873_01.jpg' title=\"\" data-rl_title=\"\" class=\"rl-gallery-link\" data-rl_caption=\"\" data-rel=\"lightbox-gallery-1\"><img loading=\"lazy\" decoding=\"async\" width=\"250\" height=\"250\" src=\"https:\/\/www.feuerwehr-florian.com\/wp-content\/uploads\/2016\/03\/20160322-2873_01-250x250.jpg\" class=\"attachment-thumbnail size-thumbnail\" alt=\"\" \/><\/a>\n\t\t\t<\/dt><\/dl><dl class='gallery-item'>\n\t\t\t<dt class='gallery-icon landscape'>\n\t\t\t\t<a href='https:\/\/www.feuerwehr-florian.com\/wp-content\/uploads\/2016\/03\/20160322-2903.jpg' title=\"\" data-rl_title=\"\" class=\"rl-gallery-link\" data-rl_caption=\"\" data-rel=\"lightbox-gallery-1\"><img loading=\"lazy\" decoding=\"async\" width=\"250\" height=\"250\" src=\"https:\/\/www.feuerwehr-florian.com\/wp-content\/uploads\/2016\/03\/20160322-2903-250x250.jpg\" class=\"attachment-thumbnail size-thumbnail\" alt=\"\" \/><\/a>\n\t\t\t<\/dt><\/dl><br style=\"clear: both\" \/><dl class='gallery-item'>\n\t\t\t<dt class='gallery-icon landscape'>\n\t\t\t\t<a href='https:\/\/www.feuerwehr-florian.com\/wp-content\/uploads\/2016\/03\/20160322-2893.jpg' title=\"\" data-rl_title=\"\" class=\"rl-gallery-link\" data-rl_caption=\"\" data-rel=\"lightbox-gallery-1\"><img loading=\"lazy\" decoding=\"async\" width=\"250\" height=\"250\" src=\"https:\/\/www.feuerwehr-florian.com\/wp-content\/uploads\/2016\/03\/20160322-2893-250x250.jpg\" class=\"attachment-thumbnail size-thumbnail\" alt=\"\" \/><\/a>\n\t\t\t<\/dt><\/dl><dl class='gallery-item'>\n\t\t\t<dt class='gallery-icon landscape'>\n\t\t\t\t<a href='https:\/\/www.feuerwehr-florian.com\/wp-content\/uploads\/2016\/03\/20160322-4048_01.jpg' title=\"\" data-rl_title=\"\" class=\"rl-gallery-link\" data-rl_caption=\"\" data-rel=\"lightbox-gallery-1\"><img loading=\"lazy\" decoding=\"async\" width=\"250\" height=\"250\" src=\"https:\/\/www.feuerwehr-florian.com\/wp-content\/uploads\/2016\/03\/20160322-4048_01-250x250.jpg\" class=\"attachment-thumbnail size-thumbnail\" alt=\"\" \/><\/a>\n\t\t\t<\/dt><\/dl><dl class='gallery-item'>\n\t\t\t<dt class='gallery-icon landscape'>\n\t\t\t\t<a href='https:\/\/www.feuerwehr-florian.com\/wp-content\/uploads\/2016\/03\/20160322-4067.jpg' title=\"\" data-rl_title=\"\" class=\"rl-gallery-link\" data-rl_caption=\"\" data-rel=\"lightbox-gallery-1\"><img loading=\"lazy\" decoding=\"async\" width=\"250\" height=\"250\" src=\"https:\/\/www.feuerwehr-florian.com\/wp-content\/uploads\/2016\/03\/20160322-4067-250x250.jpg\" class=\"attachment-thumbnail size-thumbnail\" alt=\"\" \/><\/a>\n\t\t\t<\/dt><\/dl><br style=\"clear: both\" \/><dl class='gallery-item'>\n\t\t\t<dt class='gallery-icon landscape'>\n\t\t\t\t<a href='https:\/\/www.feuerwehr-florian.com\/wp-content\/uploads\/2016\/03\/20160322-40831.jpg' title=\"\" data-rl_title=\"\" class=\"rl-gallery-link\" data-rl_caption=\"\" data-rel=\"lightbox-gallery-1\"><img loading=\"lazy\" decoding=\"async\" width=\"250\" height=\"250\" src=\"https:\/\/www.feuerwehr-florian.com\/wp-content\/uploads\/2016\/03\/20160322-40831-250x250.jpg\" class=\"attachment-thumbnail size-thumbnail\" alt=\"\" \/><\/a>\n\t\t\t<\/dt><\/dl>\n\t\t\t<br style='clear: both' \/>\n\t\t<\/div>\n\n","protected":false},"excerpt":{"rendered":"<p>Dienstagfr\u00fch, 22.M\u00e4rz 2016 gegen 9:00 Uhr stie\u00dfen auf der Wolfener Landesstra\u00dfe ein Pkw und ein LKW frontal zusammen und gerieten in Brand.<\/p>\n","protected":false},"author":2,"featured_media":5521,"comment_status":"closed","ping_status":"closed","sticky":false,"template":"","format":"standard","meta":{"_jetpack_memberships_contains_paid_content":false,"footnotes":"","jetpack_publicize_message":"","jetpack_publicize_feature_enabled":true,"jetpack_social_post_already_shared":false,"jetpack_social_options":{"image_generator_settings":{"template":"highway","default_image_id":0,"font":"","enabled":false},"version":2}},"categories":[22],"tags":[88,29,12,4,19,11,59,10],"class_list":["post-5513","post","type-post","status-publish","format-standard","has-post-thumbnail","hentry","category-einsaetze","tag-88","tag-brandeinsatz","tag-eingeklemmte-person","tag-einsatz","tag-kfz","tag-lkw","tag-personenrettung","tag-verkehrsunfall"],"jetpack_publicize_connections":[],"jetpack_featured_media_url":"https:\/\/www.feuerwehr-florian.com\/wp-content\/uploads\/2016\/03\/20160322-2847_01.jpg","jetpack_sharing_enabled":true,"jetpack_likes_enabled":true,"_links":{"self":[{"href":"https:\/\/www.feuerwehr-florian.com\/index.php?rest_route=\/wp\/v2\/posts\/5513","targetHints":{"allow":["GET"]}}],"collection":[{"href":"https:\/\/www.feuerwehr-florian.com\/index.php?rest_route=\/wp\/v2\/posts"}],"about":[{"href":"https:\/\/www.feuerwehr-florian.com\/index.php?rest_route=\/wp\/v2\/types\/post"}],"author":[{"embeddable":true,"href":"https:\/\/www.feuerwehr-florian.com\/index.php?rest_route=\/wp\/v2\/users\/2"}],"replies":[{"embeddable":true,"href":"https:\/\/www.feuerwehr-florian.com\/index.php?rest_route=%2Fwp%2Fv2%2Fcomments&post=5513"}],"version-history":[{"count":12,"href":"https:\/\/www.feuerwehr-florian.com\/index.php?rest_route=\/wp\/v2\/posts\/5513\/revisions"}],"predecessor-version":[{"id":5539,"href":"https:\/\/www.feuerwehr-florian.com\/index.php?rest_route=\/wp\/v2\/posts\/5513\/revisions\/5539"}],"wp:featuredmedia":[{"embeddable":true,"href":"https:\/\/www.feuerwehr-florian.com\/index.php?rest_route=\/wp\/v2\/media\/5521"}],"wp:attachment":[{"href":"https:\/\/www.feuerwehr-florian.com\/index.php?rest_route=%2Fwp%2Fv2%2Fmedia&parent=5513"}],"wp:term":[{"taxonomy":"category","embeddable":true,"href":"https:\/\/www.feuerwehr-florian.com\/index.php?rest_route=%2Fwp%2Fv2%2Fcategories&post=5513"},{"taxonomy":"post_tag","embeddable":true,"href":"https:\/\/www.feuerwehr-florian.com\/index.php?rest_route=%2Fwp%2Fv2%2Ftags&post=5513"}],"curies":[{"name":"wp","href":"https:\/\/api.w.org\/{rel}","templated":true}]}}