{"id":5581,"date":"2016-04-06T15:22:44","date_gmt":"2016-04-06T13:22:44","guid":{"rendered":"http:\/\/www.feuerwehr-florian.com\/?p=5581"},"modified":"2016-04-19T10:13:42","modified_gmt":"2016-04-19T08:13:42","slug":"brandmeldealarm-im-astenfeld-2","status":"publish","type":"post","link":"https:\/\/www.feuerwehr-florian.com\/?p=5581","title":{"rendered":"Brandmeldealarm im Astenfeld"},"content":{"rendered":"<p>Am 06. April 2016 um 13:16 Uhr wurde die FF St. Florian zu einem Brandmeldealarm ins Astenfeld alarmiert.<\/p>\n<p><!--more--><\/p>\n<p>Nach kurzer Zeit r\u00fcckten das <strong><a href=\"http:\/\/www.feuerwehr-florian.com\/?page_id=2916\">KRF-A 200<\/a><\/strong>, das <strong><a href=\"http:\/\/www.feuerwehr-florian.com\/?page_id=3047\">TLF-A 2000<\/a><\/strong> sowie die <strong><a href=\"http:\/\/www.feuerwehr-florian.com\/?page_id=3048\">Teleskopmastb\u00fchne<\/a><\/strong> zum vermeintlichen Brandobjekt aus. Vor Ort konnte jedoch durch den Einsatzleiter rasch Entwarnung gegeben werden, da es sich um einen T\u00e4uschungsalarm (ausgel\u00f6st durch Bauarbeiten) in einem Lager handelte. Nach rund einer Stunde war der Einsatz f\u00fcr die 14 Mann der FF St. Florian beendet.<\/p>\n<div id=\"attachment_5330\" style=\"width: 1010px\" class=\"wp-caption alignleft\"><a href=\"http:\/\/www.feuerwehr-florian.com\/wp-content\/uploads\/2016\/01\/Symbolfoto1-2.jpg\" rel=\"attachment wp-att-5330\" data-rel=\"lightbox-gallery-eneEkaa6\" data-rl_title=\"\" data-rl_caption=\"\" title=\"\"><img loading=\"lazy\" decoding=\"async\" aria-describedby=\"caption-attachment-5330\" class=\"size-medium wp-image-5330\" src=\"http:\/\/www.feuerwehr-florian.com\/wp-content\/uploads\/2016\/01\/Symbolfoto1-2-1000x664.jpg\" alt=\"Symbolfoto\" width=\"1000\" height=\"664\" srcset=\"https:\/\/www.feuerwehr-florian.com\/wp-content\/uploads\/2016\/01\/Symbolfoto1-2-1000x664.jpg 1000w, https:\/\/www.feuerwehr-florian.com\/wp-content\/uploads\/2016\/01\/Symbolfoto1-2-2000x1328.jpg 2000w, https:\/\/www.feuerwehr-florian.com\/wp-content\/uploads\/2016\/01\/Symbolfoto1-2-300x200.jpg 300w, https:\/\/www.feuerwehr-florian.com\/wp-content\/uploads\/2016\/01\/Symbolfoto1-2-450x300.jpg 450w, https:\/\/www.feuerwehr-florian.com\/wp-content\/uploads\/2016\/01\/Symbolfoto1-2.jpg 2048w\" sizes=\"auto, (max-width: 1000px) 100vw, 1000px\" \/><\/a><p id=\"caption-attachment-5330\" class=\"wp-caption-text\">Symbolfoto<\/p><\/div>\n","protected":false},"excerpt":{"rendered":"<p>Am 06. April 2016 um 13:16 Uhr wurde die FF St. Florian zu einem Brandmeldealarm ins Astenfeld alarmiert.<\/p>\n","protected":false},"author":2,"featured_media":5330,"comment_status":"closed","ping_status":"closed","sticky":false,"template":"","format":"standard","meta":{"_jetpack_memberships_contains_paid_content":false,"footnotes":"","jetpack_publicize_message":"","jetpack_publicize_feature_enabled":true,"jetpack_social_post_already_shared":false,"jetpack_social_options":{"image_generator_settings":{"template":"highway","default_image_id":0,"font":"","enabled":false},"version":2}},"categories":[22],"tags":[88,29,16,42],"class_list":["post-5581","post","type-post","status-publish","format-standard","has-post-thumbnail","hentry","category-einsaetze","tag-88","tag-brandeinsatz","tag-brandmeldealarm","tag-taeuschungsalarm"],"jetpack_publicize_connections":[],"jetpack_featured_media_url":"https:\/\/www.feuerwehr-florian.com\/wp-content\/uploads\/2016\/01\/Symbolfoto1-2.jpg","jetpack_sharing_enabled":true,"jetpack_likes_enabled":true,"_links":{"self":[{"href":"https:\/\/www.feuerwehr-florian.com\/index.php?rest_route=\/wp\/v2\/posts\/5581","targetHints":{"allow":["GET"]}}],"collection":[{"href":"https:\/\/www.feuerwehr-florian.com\/index.php?rest_route=\/wp\/v2\/posts"}],"about":[{"href":"https:\/\/www.feuerwehr-florian.com\/index.php?rest_route=\/wp\/v2\/types\/post"}],"author":[{"embeddable":true,"href":"https:\/\/www.feuerwehr-florian.com\/index.php?rest_route=\/wp\/v2\/users\/2"}],"replies":[{"embeddable":true,"href":"https:\/\/www.feuerwehr-florian.com\/index.php?rest_route=%2Fwp%2Fv2%2Fcomments&post=5581"}],"version-history":[{"count":2,"href":"https:\/\/www.feuerwehr-florian.com\/index.php?rest_route=\/wp\/v2\/posts\/5581\/revisions"}],"predecessor-version":[{"id":5583,"href":"https:\/\/www.feuerwehr-florian.com\/index.php?rest_route=\/wp\/v2\/posts\/5581\/revisions\/5583"}],"wp:featuredmedia":[{"embeddable":true,"href":"https:\/\/www.feuerwehr-florian.com\/index.php?rest_route=\/wp\/v2\/media\/5330"}],"wp:attachment":[{"href":"https:\/\/www.feuerwehr-florian.com\/index.php?rest_route=%2Fwp%2Fv2%2Fmedia&parent=5581"}],"wp:term":[{"taxonomy":"category","embeddable":true,"href":"https:\/\/www.feuerwehr-florian.com\/index.php?rest_route=%2Fwp%2Fv2%2Fcategories&post=5581"},{"taxonomy":"post_tag","embeddable":true,"href":"https:\/\/www.feuerwehr-florian.com\/index.php?rest_route=%2Fwp%2Fv2%2Ftags&post=5581"}],"curies":[{"name":"wp","href":"https:\/\/api.w.org\/{rel}","templated":true}]}}