{"id":5923,"date":"2016-10-04T19:20:16","date_gmt":"2016-10-04T17:20:16","guid":{"rendered":"http:\/\/www.feuerwehr-florian.com\/?p=5923"},"modified":"2016-10-04T19:21:25","modified_gmt":"2016-10-04T17:21:25","slug":"5923","status":"publish","type":"post","link":"https:\/\/www.feuerwehr-florian.com\/?p=5923","title":{"rendered":"Herbst\u00fcbung im Pflichtbereich St. Florian"},"content":{"rendered":"<p>Am Samstag den 01. Oktober 2016 fand im Pflichtbereich St. Florian die allj\u00e4hrliche Herbst\u00fcbung statt. Annahme bei dieser \u00dcbung war ein Brand im Servicecenter der Fa. Lutz ins Samesleiten wo mehrere Szenarien abgearbeitet werden mussten.<\/p>\n<p><!--more--><\/p>\n<p>So waren beispielsweise mehrere Atemschutztrupps im Inneren des Geb\u00e4udes im Einsatz, um vermisste Personen aufzufinden. Weiteres musste die Teleskopmastb\u00fchne in Stellung gebracht werden, um zwei Personen vom Dach des Firmengeb\u00e4udes zu retten. Da eine dieser Personen nicht mehr geh f\u00e4hig war, musste diese mit Hilfe der Korbschleiftrage vom Dach gerettet werden. Die Pumpen Fahrzeuge stellten eine Zubringerleitung vom ca. 600m entfernten Ipfbach sicher, womit nach der Menschenrettung eine Brandbek\u00e4mpfung mit Hilfe der <strong><a href=\"http:\/\/www.feuerwehr-florian.com\/?page_id=3048\">TB 23-12<\/a><\/strong> gestartet wurde.<br \/>\nParallel zum Brandeinsatz musste auch noch ein Verkehrsunfall abgearbeitet werden, wo insgesamt drei Personen aus den verunfallten Fahrzeugen gerettet werden mussten.<br \/>\nAlle diese Arbeiten wurden von einer zentralen Einsatzleitung geleitet und \u00fcberwacht. Nach insgesamt rund 1,5 Stunden waren s\u00e4mtliche \u00dcbungsziele erreicht und die \u00dcbung konnte beendet werden. Im \u00dcbungseinsatz standen an die 35 Mann der Marktfeuerwehr mit s\u00e4mtlichen Fahrzeugen (<a href=\"http:\/\/www.feuerwehr-florian.com\/?page_id=3051\"><strong>KDO<\/strong><\/a>, <strong><a href=\"http:\/\/www.feuerwehr-florian.com\/?page_id=2916\">KRF-A 200<\/a><\/strong>, <strong><a href=\"http:\/\/www.feuerwehr-florian.com\/?page_id=3047\">TLF-A 2000<\/a><\/strong>, <strong><a href=\"http:\/\/www.feuerwehr-florian.com\/?page_id=3048\">TB 23-12<\/a><\/strong>, <strong><a href=\"http:\/\/www.feuerwehr-florian.com\/?page_id=3049\">LF-A<\/a><\/strong>, <a href=\"http:\/\/www.feuerwehr-florian.com\/?page_id=3050\"><strong>LAST<\/strong><\/a>), die FF Rohrbach (RLF-A 2000, KLF-A), die FF Bruck\/Hausleiten (TLF-A 2000, KLF, MTF) sowie die FF Asten (LF-A, KRFA-L).<br \/>\nWir bedanken uns recht herzlich bei der FF Bruck\/Hausleiten f\u00fcr die Ausarbeitung der \u00dcbung.<\/p>\n<p>Mehr Fotos zu der \u00dcbung finden Sie auf <strong><a href=\"http:\/\/www.fotokerschi.at\/blog\/herbstuebung-vom-pflichtbereich-st-florian\/\">fotokerschi.at !<\/a><\/strong><\/p>\n\n\t\t<style type=\"text\/css\">\n\t\t\t#gallery-1 {\n\t\t\t\tmargin: auto;\n\t\t\t}\n\t\t\t#gallery-1 .gallery-item {\n\t\t\t\tfloat: left;\n\t\t\t\tmargin-top: 10px;\n\t\t\t\ttext-align: center;\n\t\t\t\twidth: 33%;\n\t\t\t}\n\t\t\t#gallery-1 img {\n\t\t\t\tborder: 2px solid #cfcfcf;\n\t\t\t}\n\t\t\t#gallery-1 .gallery-caption {\n\t\t\t\tmargin-left: 0;\n\t\t\t}\n\t\t\t\/* see gallery_shortcode() in wp-includes\/media.php *\/\n\t\t<\/style>\n\t\t<div id='gallery-1' class='gallery galleryid-5923 gallery-columns-3 gallery-size-thumbnail'><dl class='gallery-item'>\n\t\t\t<dt class='gallery-icon landscape'>\n\t\t\t\t<a href='https:\/\/www.feuerwehr-florian.com\/wp-content\/uploads\/2016\/10\/cropped-foke_20161001171018153.jpg' title=\"\" data-rl_title=\"\" class=\"rl-gallery-link\" data-rl_caption=\"\" data-rel=\"lightbox-gallery-1\"><img loading=\"lazy\" decoding=\"async\" width=\"250\" height=\"250\" src=\"https:\/\/www.feuerwehr-florian.com\/wp-content\/uploads\/2016\/10\/cropped-foke_20161001171018153-250x250.jpg\" class=\"attachment-thumbnail size-thumbnail\" alt=\"\" \/><\/a>\n\t\t\t<\/dt><\/dl><dl class='gallery-item'>\n\t\t\t<dt class='gallery-icon landscape'>\n\t\t\t\t<a href='https:\/\/www.feuerwehr-florian.com\/wp-content\/uploads\/2016\/10\/cropped-foke_20161001171311154.jpg' title=\"\" data-rl_title=\"\" class=\"rl-gallery-link\" data-rl_caption=\"\" data-rel=\"lightbox-gallery-1\"><img loading=\"lazy\" decoding=\"async\" width=\"250\" height=\"250\" src=\"https:\/\/www.feuerwehr-florian.com\/wp-content\/uploads\/2016\/10\/cropped-foke_20161001171311154-250x250.jpg\" class=\"attachment-thumbnail size-thumbnail\" alt=\"\" \/><\/a>\n\t\t\t<\/dt><\/dl><dl class='gallery-item'>\n\t\t\t<dt class='gallery-icon landscape'>\n\t\t\t\t<a href='https:\/\/www.feuerwehr-florian.com\/wp-content\/uploads\/2016\/10\/cropped-foke_20161001164656154.jpg' title=\"\" data-rl_title=\"\" class=\"rl-gallery-link\" data-rl_caption=\"\" data-rel=\"lightbox-gallery-1\"><img loading=\"lazy\" decoding=\"async\" width=\"250\" height=\"250\" src=\"https:\/\/www.feuerwehr-florian.com\/wp-content\/uploads\/2016\/10\/cropped-foke_20161001164656154-250x250.jpg\" class=\"attachment-thumbnail size-thumbnail\" alt=\"\" \/><\/a>\n\t\t\t<\/dt><\/dl><br style=\"clear: both\" \/><dl class='gallery-item'>\n\t\t\t<dt class='gallery-icon landscape'>\n\t\t\t\t<a href='https:\/\/www.feuerwehr-florian.com\/wp-content\/uploads\/2016\/10\/cropped-foke_20161001164912154.jpg' title=\"\" data-rl_title=\"\" class=\"rl-gallery-link\" data-rl_caption=\"\" data-rel=\"lightbox-gallery-1\"><img loading=\"lazy\" decoding=\"async\" width=\"250\" height=\"250\" src=\"https:\/\/www.feuerwehr-florian.com\/wp-content\/uploads\/2016\/10\/cropped-foke_20161001164912154-250x250.jpg\" class=\"attachment-thumbnail size-thumbnail\" alt=\"\" \/><\/a>\n\t\t\t<\/dt><\/dl><dl class='gallery-item'>\n\t\t\t<dt class='gallery-icon landscape'>\n\t\t\t\t<a href='https:\/\/www.feuerwehr-florian.com\/wp-content\/uploads\/2016\/10\/cropped-foke_20161001165331154-1.jpg' title=\"\" data-rl_title=\"\" class=\"rl-gallery-link\" data-rl_caption=\"\" data-rel=\"lightbox-gallery-1\"><img loading=\"lazy\" decoding=\"async\" width=\"250\" height=\"250\" src=\"https:\/\/www.feuerwehr-florian.com\/wp-content\/uploads\/2016\/10\/cropped-foke_20161001165331154-1-250x250.jpg\" class=\"attachment-thumbnail size-thumbnail\" alt=\"\" \/><\/a>\n\t\t\t<\/dt><\/dl><dl class='gallery-item'>\n\t\t\t<dt class='gallery-icon landscape'>\n\t\t\t\t<a href='https:\/\/www.feuerwehr-florian.com\/wp-content\/uploads\/2016\/10\/cropped-foke_20161001165331154.jpg' title=\"\" data-rl_title=\"\" class=\"rl-gallery-link\" data-rl_caption=\"\" data-rel=\"lightbox-gallery-1\"><img loading=\"lazy\" decoding=\"async\" width=\"250\" height=\"250\" src=\"https:\/\/www.feuerwehr-florian.com\/wp-content\/uploads\/2016\/10\/cropped-foke_20161001165331154-250x250.jpg\" class=\"attachment-thumbnail size-thumbnail\" alt=\"\" \/><\/a>\n\t\t\t<\/dt><\/dl><br style=\"clear: both\" \/><dl class='gallery-item'>\n\t\t\t<dt class='gallery-icon landscape'>\n\t\t\t\t<a href='https:\/\/www.feuerwehr-florian.com\/wp-content\/uploads\/2016\/10\/cropped-foke_20161001170636154.jpg' title=\"\" data-rl_title=\"\" class=\"rl-gallery-link\" data-rl_caption=\"\" data-rel=\"lightbox-gallery-1\"><img loading=\"lazy\" decoding=\"async\" width=\"250\" height=\"250\" src=\"https:\/\/www.feuerwehr-florian.com\/wp-content\/uploads\/2016\/10\/cropped-foke_20161001170636154-250x250.jpg\" class=\"attachment-thumbnail size-thumbnail\" alt=\"\" \/><\/a>\n\t\t\t<\/dt><\/dl><dl class='gallery-item'>\n\t\t\t<dt class='gallery-icon landscape'>\n\t\t\t\t<a href='https:\/\/www.feuerwehr-florian.com\/wp-content\/uploads\/2016\/10\/cropped-foke_20161001170923154.jpg' title=\"\" data-rl_title=\"\" class=\"rl-gallery-link\" data-rl_caption=\"\" data-rel=\"lightbox-gallery-1\"><img loading=\"lazy\" decoding=\"async\" width=\"250\" height=\"250\" src=\"https:\/\/www.feuerwehr-florian.com\/wp-content\/uploads\/2016\/10\/cropped-foke_20161001170923154-250x250.jpg\" class=\"attachment-thumbnail size-thumbnail\" alt=\"\" \/><\/a>\n\t\t\t<\/dt><\/dl><dl class='gallery-item'>\n\t\t\t<dt class='gallery-icon landscape'>\n\t\t\t\t<a href='https:\/\/www.feuerwehr-florian.com\/wp-content\/uploads\/2016\/10\/cropped-foke_20161001171158154.jpg' title=\"\" data-rl_title=\"\" class=\"rl-gallery-link\" data-rl_caption=\"\" data-rel=\"lightbox-gallery-1\"><img loading=\"lazy\" decoding=\"async\" width=\"250\" height=\"250\" src=\"https:\/\/www.feuerwehr-florian.com\/wp-content\/uploads\/2016\/10\/cropped-foke_20161001171158154-250x250.jpg\" class=\"attachment-thumbnail size-thumbnail\" alt=\"\" \/><\/a>\n\t\t\t<\/dt><\/dl><br style=\"clear: both\" \/><dl class='gallery-item'>\n\t\t\t<dt class='gallery-icon landscape'>\n\t\t\t\t<a href='https:\/\/www.feuerwehr-florian.com\/wp-content\/uploads\/2016\/10\/cropped-foke_20161001172207154.jpg' title=\"\" data-rl_title=\"\" class=\"rl-gallery-link\" data-rl_caption=\"\" data-rel=\"lightbox-gallery-1\"><img loading=\"lazy\" decoding=\"async\" width=\"250\" height=\"250\" src=\"https:\/\/www.feuerwehr-florian.com\/wp-content\/uploads\/2016\/10\/cropped-foke_20161001172207154-250x250.jpg\" class=\"attachment-thumbnail size-thumbnail\" alt=\"\" \/><\/a>\n\t\t\t<\/dt><\/dl>\n\t\t\t<br style='clear: both' \/>\n\t\t<\/div>\n\n","protected":false},"excerpt":{"rendered":"<p>Am Samstag den 01. Oktober 2016 fand im Pflichtbereich St. Florian die allj\u00e4hrliche Herbst\u00fcbung statt. Annahme bei dieser \u00dcbung war ein Brand im Servicecenter der Fa. Lutz ins Samesleiten wo mehrere Szenarien abgearbeitet werden mussten.<\/p>\n","protected":false},"author":2,"featured_media":5922,"comment_status":"closed","ping_status":"closed","sticky":false,"template":"","format":"standard","meta":{"_jetpack_memberships_contains_paid_content":false,"footnotes":"","jetpack_publicize_message":"","jetpack_publicize_feature_enabled":true,"jetpack_social_post_already_shared":false,"jetpack_social_options":{"image_generator_settings":{"template":"highway","default_image_id":0,"font":"","enabled":false},"version":2}},"categories":[74],"tags":[88,3,29,12,59,64,75,10],"class_list":["post-5923","post","type-post","status-publish","format-standard","has-post-thumbnail","hentry","category-uebungen-ausbildungen","tag-88","tag-brand","tag-brandeinsatz","tag-eingeklemmte-person","tag-personenrettung","tag-teleskopmastbuehne","tag-uebung-ausbildung","tag-verkehrsunfall"],"jetpack_publicize_connections":[],"jetpack_featured_media_url":"https:\/\/www.feuerwehr-florian.com\/wp-content\/uploads\/2016\/10\/cropped-foke_20161001171018153.jpg","jetpack_sharing_enabled":true,"jetpack_likes_enabled":true,"_links":{"self":[{"href":"https:\/\/www.feuerwehr-florian.com\/index.php?rest_route=\/wp\/v2\/posts\/5923","targetHints":{"allow":["GET"]}}],"collection":[{"href":"https:\/\/www.feuerwehr-florian.com\/index.php?rest_route=\/wp\/v2\/posts"}],"about":[{"href":"https:\/\/www.feuerwehr-florian.com\/index.php?rest_route=\/wp\/v2\/types\/post"}],"author":[{"embeddable":true,"href":"https:\/\/www.feuerwehr-florian.com\/index.php?rest_route=\/wp\/v2\/users\/2"}],"replies":[{"embeddable":true,"href":"https:\/\/www.feuerwehr-florian.com\/index.php?rest_route=%2Fwp%2Fv2%2Fcomments&post=5923"}],"version-history":[{"count":2,"href":"https:\/\/www.feuerwehr-florian.com\/index.php?rest_route=\/wp\/v2\/posts\/5923\/revisions"}],"predecessor-version":[{"id":5930,"href":"https:\/\/www.feuerwehr-florian.com\/index.php?rest_route=\/wp\/v2\/posts\/5923\/revisions\/5930"}],"wp:featuredmedia":[{"embeddable":true,"href":"https:\/\/www.feuerwehr-florian.com\/index.php?rest_route=\/wp\/v2\/media\/5922"}],"wp:attachment":[{"href":"https:\/\/www.feuerwehr-florian.com\/index.php?rest_route=%2Fwp%2Fv2%2Fmedia&parent=5923"}],"wp:term":[{"taxonomy":"category","embeddable":true,"href":"https:\/\/www.feuerwehr-florian.com\/index.php?rest_route=%2Fwp%2Fv2%2Fcategories&post=5923"},{"taxonomy":"post_tag","embeddable":true,"href":"https:\/\/www.feuerwehr-florian.com\/index.php?rest_route=%2Fwp%2Fv2%2Ftags&post=5923"}],"curies":[{"name":"wp","href":"https:\/\/api.w.org\/{rel}","templated":true}]}}