{"id":596,"date":"2014-01-09T12:44:01","date_gmt":"2014-01-09T11:44:01","guid":{"rendered":"http:\/\/wp.feuerwehr-florian.com\/?p=596"},"modified":"2016-01-02T15:46:56","modified_gmt":"2016-01-02T14:46:56","slug":"kleinbrand-in-mehrparteienhaus-in-tillysburg","status":"publish","type":"post","link":"https:\/\/www.feuerwehr-florian.com\/?p=596","title":{"rendered":"Kleinbrand in Mehrparteienhaus in Tillysburg"},"content":{"rendered":"<p>Zu Mittag des 09. J\u00e4nner 2014 wurde die Feuerwehren des Pflichbereichs St. Florian mit den Stichworten: &#8222;Brand Wohnhaus &#8211; Rauchentwicklung im 2. OG &#8211; vermutlich keine Personen in der Wohnung&#8220; zu einem Brand nach Tillysburg alarmiert.<\/p>\n<p><!--more--><\/p>\n<p>Unverz\u00fcglich r\u00fcckte der L\u00f6schzug der FF St. Florian zu dem Brandobjekt aus. Am Einsatzort angekommen, war bereits die FF Bruck\/Hausleiten vor Ort und r\u00fcstete sich mit einem Atemschutztrupp zu Brandbegk\u00e4mpfung aus. &#8211; Aus einem Fenster eines Mehrparteienhauses im 2. OG drang inzwischen dichter Rauch. Der Atemschutztrupp konnte sich ohne Anwendung von Gewalt Zugang in die Wohnung verschaffen und stellte einen verbrannten Kunststoffkoffer, vermutlich auf Grund eines defekten Akkuladeger\u00e4ts, als Brandursache fest. Der Brand war jedoch soweit erloschen, dass nur mehr Bel\u00fcftungsmassnahmen notwendig waren. Nachdem das Geb\u00e4ude ausreichend bel\u00fcftet war, konnte der Einsatz der Feuerwehr nach rund einer Stunde beendet werden.<\/p>\n\n\t\t<style type=\"text\/css\">\n\t\t\t#gallery-1 {\n\t\t\t\tmargin: auto;\n\t\t\t}\n\t\t\t#gallery-1 .gallery-item {\n\t\t\t\tfloat: left;\n\t\t\t\tmargin-top: 10px;\n\t\t\t\ttext-align: center;\n\t\t\t\twidth: 33%;\n\t\t\t}\n\t\t\t#gallery-1 img {\n\t\t\t\tborder: 2px solid #cfcfcf;\n\t\t\t}\n\t\t\t#gallery-1 .gallery-caption {\n\t\t\t\tmargin-left: 0;\n\t\t\t}\n\t\t\t\/* see gallery_shortcode() in wp-includes\/media.php *\/\n\t\t<\/style>\n\t\t<div id='gallery-1' class='gallery galleryid-596 gallery-columns-3 gallery-size-thumbnail'><dl class='gallery-item'>\n\t\t\t<dt class='gallery-icon landscape'>\n\t\t\t\t<a href='https:\/\/www.feuerwehr-florian.com\/wp-content\/uploads\/2016\/01\/IMG_1685.jpg' title=\"\" data-rl_title=\"\" class=\"rl-gallery-link\" data-rl_caption=\"\" data-rel=\"lightbox-gallery-1\"><img loading=\"lazy\" decoding=\"async\" width=\"250\" height=\"250\" src=\"https:\/\/www.feuerwehr-florian.com\/wp-content\/uploads\/2016\/01\/IMG_1685-250x250.jpg\" class=\"attachment-thumbnail size-thumbnail\" alt=\"\" \/><\/a>\n\t\t\t<\/dt><\/dl><dl class='gallery-item'>\n\t\t\t<dt class='gallery-icon landscape'>\n\t\t\t\t<a href='https:\/\/www.feuerwehr-florian.com\/wp-content\/uploads\/2016\/01\/IMG_1687-e1453059084492.jpg' title=\"\" data-rl_title=\"\" class=\"rl-gallery-link\" data-rl_caption=\"\" data-rel=\"lightbox-gallery-1\"><img loading=\"lazy\" decoding=\"async\" width=\"250\" height=\"250\" src=\"https:\/\/www.feuerwehr-florian.com\/wp-content\/uploads\/2016\/01\/IMG_1687-e1453059084492-250x250.jpg\" class=\"attachment-thumbnail size-thumbnail\" alt=\"\" \/><\/a>\n\t\t\t<\/dt><\/dl><dl class='gallery-item'>\n\t\t\t<dt class='gallery-icon landscape'>\n\t\t\t\t<a href='https:\/\/www.feuerwehr-florian.com\/wp-content\/uploads\/2016\/01\/IMG_1690.jpg' title=\"\" data-rl_title=\"\" class=\"rl-gallery-link\" data-rl_caption=\"\" data-rel=\"lightbox-gallery-1\"><img loading=\"lazy\" decoding=\"async\" width=\"250\" height=\"250\" src=\"https:\/\/www.feuerwehr-florian.com\/wp-content\/uploads\/2016\/01\/IMG_1690-250x250.jpg\" class=\"attachment-thumbnail size-thumbnail\" alt=\"\" \/><\/a>\n\t\t\t<\/dt><\/dl><br style=\"clear: both\" \/>\n\t\t<\/div>\n\n","protected":false},"excerpt":{"rendered":"<p>Zu Mittag des 09. J\u00e4nner 2014 wurde die Feuerwehren des Pflichbereichs St. Florian mit den Stichworten: &#8222;Brand Wohnhaus &#8211; Rauchentwicklung im 2. OG &#8211; vermutlich keine Personen in der Wohnung&#8220; zu einem Brand nach Tillysburg alarmiert.<\/p>\n","protected":false},"author":2,"featured_media":598,"comment_status":"closed","ping_status":"closed","sticky":false,"template":"","format":"standard","meta":{"_jetpack_memberships_contains_paid_content":false,"footnotes":"","jetpack_publicize_message":"","jetpack_publicize_feature_enabled":true,"jetpack_social_post_already_shared":false,"jetpack_social_options":{"image_generator_settings":{"template":"highway","default_image_id":0,"font":"","enabled":false},"version":2}},"categories":[22],"tags":[58,3,29,6],"class_list":["post-596","post","type-post","status-publish","format-standard","has-post-thumbnail","hentry","category-einsaetze","tag-58","tag-brand","tag-brandeinsatz","tag-feuer"],"jetpack_publicize_connections":[],"jetpack_featured_media_url":"https:\/\/www.feuerwehr-florian.com\/wp-content\/uploads\/2016\/01\/IMG_1687-e1453059084492.jpg","jetpack_sharing_enabled":true,"jetpack_likes_enabled":true,"_links":{"self":[{"href":"https:\/\/www.feuerwehr-florian.com\/index.php?rest_route=\/wp\/v2\/posts\/596","targetHints":{"allow":["GET"]}}],"collection":[{"href":"https:\/\/www.feuerwehr-florian.com\/index.php?rest_route=\/wp\/v2\/posts"}],"about":[{"href":"https:\/\/www.feuerwehr-florian.com\/index.php?rest_route=\/wp\/v2\/types\/post"}],"author":[{"embeddable":true,"href":"https:\/\/www.feuerwehr-florian.com\/index.php?rest_route=\/wp\/v2\/users\/2"}],"replies":[{"embeddable":true,"href":"https:\/\/www.feuerwehr-florian.com\/index.php?rest_route=%2Fwp%2Fv2%2Fcomments&post=596"}],"version-history":[{"count":1,"href":"https:\/\/www.feuerwehr-florian.com\/index.php?rest_route=\/wp\/v2\/posts\/596\/revisions"}],"predecessor-version":[{"id":600,"href":"https:\/\/www.feuerwehr-florian.com\/index.php?rest_route=\/wp\/v2\/posts\/596\/revisions\/600"}],"wp:featuredmedia":[{"embeddable":true,"href":"https:\/\/www.feuerwehr-florian.com\/index.php?rest_route=\/wp\/v2\/media\/598"}],"wp:attachment":[{"href":"https:\/\/www.feuerwehr-florian.com\/index.php?rest_route=%2Fwp%2Fv2%2Fmedia&parent=596"}],"wp:term":[{"taxonomy":"category","embeddable":true,"href":"https:\/\/www.feuerwehr-florian.com\/index.php?rest_route=%2Fwp%2Fv2%2Fcategories&post=596"},{"taxonomy":"post_tag","embeddable":true,"href":"https:\/\/www.feuerwehr-florian.com\/index.php?rest_route=%2Fwp%2Fv2%2Ftags&post=596"}],"curies":[{"name":"wp","href":"https:\/\/api.w.org\/{rel}","templated":true}]}}