{"id":60,"date":"2015-09-18T16:09:21","date_gmt":"2015-09-18T14:09:21","guid":{"rendered":"http:\/\/wp.feuerwehr-florian.com\/?p=60"},"modified":"2016-01-02T14:08:54","modified_gmt":"2016-01-02T13:08:54","slug":"sturmschaden-beim-ipfbach","status":"publish","type":"post","link":"https:\/\/www.feuerwehr-florian.com\/?p=60","title":{"rendered":"Sturmschaden beim Ipfbach"},"content":{"rendered":"<p>Am Abend des 17.September 2015 wurde die FF St. Florian zu einem Sturmschaden mit der Einsatzadresse &#8222;Am Ipfbach&#8220; gerufen.<\/p>\n<p><!--more--><\/p>\n<p>Vor Ort konnte der Einsatz schnell wieder beendet werden, da ein knapp \u00fcber den Boden h\u00e4ngender, teilweise abgebrochenter Ast \u00fcber einem Gr\u00fcnstreifen duch 3 Kameraden vollst\u00e4ndig abgebrochen wurde und somit die &#8222;Gefahr&#8220; beseitigt wurde. Die FF St. Florian stand f\u00fcr ca. 15 Minuten im Einsatz.<\/p>\n","protected":false},"excerpt":{"rendered":"<p>Am Abend des 17.September 2015 wurde die FF St. Florian zu einem Sturmschaden mit der Einsatzadresse &#8222;Am Ipfbach&#8220; gerufen.<\/p>\n","protected":false},"author":2,"featured_media":9,"comment_status":"closed","ping_status":"closed","sticky":false,"template":"","format":"standard","meta":{"_jetpack_memberships_contains_paid_content":false,"footnotes":"","jetpack_publicize_message":"","jetpack_publicize_feature_enabled":true,"jetpack_social_post_already_shared":false,"jetpack_social_options":{"image_generator_settings":{"template":"highway","default_image_id":0,"font":"","enabled":false},"version":2}},"categories":[22],"tags":[5,15,14,8],"class_list":["post-60","post","type-post","status-publish","format-standard","has-post-thumbnail","hentry","category-einsaetze","tag-5","tag-baum-ueber-strasse","tag-sturmschaden","tag-technischer-einsatz"],"jetpack_publicize_connections":[],"jetpack_featured_media_url":"https:\/\/www.feuerwehr-florian.com\/wp-content\/uploads\/2015\/12\/20151003-0111.jpg","jetpack_sharing_enabled":true,"jetpack_likes_enabled":true,"_links":{"self":[{"href":"https:\/\/www.feuerwehr-florian.com\/index.php?rest_route=\/wp\/v2\/posts\/60","targetHints":{"allow":["GET"]}}],"collection":[{"href":"https:\/\/www.feuerwehr-florian.com\/index.php?rest_route=\/wp\/v2\/posts"}],"about":[{"href":"https:\/\/www.feuerwehr-florian.com\/index.php?rest_route=\/wp\/v2\/types\/post"}],"author":[{"embeddable":true,"href":"https:\/\/www.feuerwehr-florian.com\/index.php?rest_route=\/wp\/v2\/users\/2"}],"replies":[{"embeddable":true,"href":"https:\/\/www.feuerwehr-florian.com\/index.php?rest_route=%2Fwp%2Fv2%2Fcomments&post=60"}],"version-history":[{"count":1,"href":"https:\/\/www.feuerwehr-florian.com\/index.php?rest_route=\/wp\/v2\/posts\/60\/revisions"}],"predecessor-version":[{"id":64,"href":"https:\/\/www.feuerwehr-florian.com\/index.php?rest_route=\/wp\/v2\/posts\/60\/revisions\/64"}],"wp:featuredmedia":[{"embeddable":true,"href":"https:\/\/www.feuerwehr-florian.com\/index.php?rest_route=\/wp\/v2\/media\/9"}],"wp:attachment":[{"href":"https:\/\/www.feuerwehr-florian.com\/index.php?rest_route=%2Fwp%2Fv2%2Fmedia&parent=60"}],"wp:term":[{"taxonomy":"category","embeddable":true,"href":"https:\/\/www.feuerwehr-florian.com\/index.php?rest_route=%2Fwp%2Fv2%2Fcategories&post=60"},{"taxonomy":"post_tag","embeddable":true,"href":"https:\/\/www.feuerwehr-florian.com\/index.php?rest_route=%2Fwp%2Fv2%2Ftags&post=60"}],"curies":[{"name":"wp","href":"https:\/\/api.w.org\/{rel}","templated":true}]}}