{"id":6086,"date":"2017-02-07T20:40:21","date_gmt":"2017-02-07T19:40:21","guid":{"rendered":"http:\/\/www.feuerwehr-florian.com\/?p=6086"},"modified":"2017-02-07T20:40:21","modified_gmt":"2017-02-07T19:40:21","slug":"tueroeffnung-mit-unfallverdacht-4","status":"publish","type":"post","link":"https:\/\/www.feuerwehr-florian.com\/?p=6086","title":{"rendered":"T\u00fcr\u00f6ffnung mit Unfallverdacht"},"content":{"rendered":"<p>Am Abend des 07. Februar 2017 wurde die FF St. Florian zu einer T\u00fcr\u00f6ffnung in der N\u00e4he der Einsatzzentrale alarmiert.<\/p>\n<p><!--more--><\/p>\n<p>Auf Grund der stattfindenden Dienstags\u00fcbung, konnte unverz\u00fcglich zu Fu\u00df zur Einsatzstelle ausger\u00fcckt werden. Vor Ort konnte nach kurzer Zeit Entwarnung gegeben werden, da die Person die T\u00fcre selbstst\u00e4ndig \u00f6ffnen konnte. Im Einsatz standen 25 Mann der FF St. Florian rund eine halbe Stunde lang.<\/p>\n","protected":false},"excerpt":{"rendered":"<p>Am Abend des 07. Februar 2017 wurde die FF St. Florian zu einer T\u00fcr\u00f6ffnung in der N\u00e4he der Einsatzzentrale alarmiert.<\/p>\n","protected":false},"author":2,"featured_media":5924,"comment_status":"closed","ping_status":"closed","sticky":false,"template":"","format":"standard","meta":{"_jetpack_memberships_contains_paid_content":false,"footnotes":"","jetpack_publicize_message":"","jetpack_publicize_feature_enabled":true,"jetpack_social_post_already_shared":false,"jetpack_social_options":{"image_generator_settings":{"template":"highway","default_image_id":0,"font":"","enabled":false},"version":2}},"categories":[22],"tags":[155,8,7,158],"class_list":["post-6086","post","type-post","status-publish","format-standard","has-post-thumbnail","hentry","category-einsaetze","tag-155","tag-technischer-einsatz","tag-tueroeffnung","tag-unfallverdacht"],"jetpack_publicize_connections":[],"jetpack_featured_media_url":"https:\/\/www.feuerwehr-florian.com\/wp-content\/uploads\/2016\/10\/Symbolfoto1.jpg","jetpack_sharing_enabled":true,"jetpack_likes_enabled":true,"_links":{"self":[{"href":"https:\/\/www.feuerwehr-florian.com\/index.php?rest_route=\/wp\/v2\/posts\/6086","targetHints":{"allow":["GET"]}}],"collection":[{"href":"https:\/\/www.feuerwehr-florian.com\/index.php?rest_route=\/wp\/v2\/posts"}],"about":[{"href":"https:\/\/www.feuerwehr-florian.com\/index.php?rest_route=\/wp\/v2\/types\/post"}],"author":[{"embeddable":true,"href":"https:\/\/www.feuerwehr-florian.com\/index.php?rest_route=\/wp\/v2\/users\/2"}],"replies":[{"embeddable":true,"href":"https:\/\/www.feuerwehr-florian.com\/index.php?rest_route=%2Fwp%2Fv2%2Fcomments&post=6086"}],"version-history":[{"count":1,"href":"https:\/\/www.feuerwehr-florian.com\/index.php?rest_route=\/wp\/v2\/posts\/6086\/revisions"}],"predecessor-version":[{"id":6087,"href":"https:\/\/www.feuerwehr-florian.com\/index.php?rest_route=\/wp\/v2\/posts\/6086\/revisions\/6087"}],"wp:featuredmedia":[{"embeddable":true,"href":"https:\/\/www.feuerwehr-florian.com\/index.php?rest_route=\/wp\/v2\/media\/5924"}],"wp:attachment":[{"href":"https:\/\/www.feuerwehr-florian.com\/index.php?rest_route=%2Fwp%2Fv2%2Fmedia&parent=6086"}],"wp:term":[{"taxonomy":"category","embeddable":true,"href":"https:\/\/www.feuerwehr-florian.com\/index.php?rest_route=%2Fwp%2Fv2%2Fcategories&post=6086"},{"taxonomy":"post_tag","embeddable":true,"href":"https:\/\/www.feuerwehr-florian.com\/index.php?rest_route=%2Fwp%2Fv2%2Ftags&post=6086"}],"curies":[{"name":"wp","href":"https:\/\/api.w.org\/{rel}","templated":true}]}}