{"id":6359,"date":"2017-06-02T05:55:34","date_gmt":"2017-06-02T03:55:34","guid":{"rendered":"http:\/\/www.feuerwehr-florian.com\/?p=6359"},"modified":"2017-06-02T05:55:54","modified_gmt":"2017-06-02T03:55:54","slug":"brandverdacht-im-pummeringfeld","status":"publish","type":"post","link":"https:\/\/www.feuerwehr-florian.com\/?p=6359","title":{"rendered":"Brandverdacht im Pummerinfeld"},"content":{"rendered":"<p>In der Fr\u00fch des 02. Juni 2017 wurde die FF St. Florian zu einem Brandmeldealarm ins Pummerinfeld alarmiert.<\/p>\n<p><!--more--><\/p>\n<p>Vor Ort stellte sich heraus, dass ein Brandmelder im Heizraum des B\u00fcrogeb\u00e4udes angeschlagen hatte. Bei der Erkundung wurde beim \u00d6ffnen der T\u00fcre eine Rauchentwicklung im Heizraum festgestellt. Somit wurde ein C-Rohr zur Brandbek\u00e4mpfung vorbereitet und ein Atemschutztrupp ausger\u00fcstet der danach die Erkundung mittels W\u00e4rmebildkamera fortsetzte. Es konnte jedoch kein Brandherd festgestellt werden. Nach Bel\u00fcftung des Raumes wurde die Einsatzstelle an den zust\u00e4ndigen Brandschutzbeauftragten \u00fcbergeben. Als Ursache f\u00fcr die Rauchentwicklung wird ein Defekt der Klimaanlage vermutet.<\/p>\n<p>Nach rund 1,5 Stunden war der Einsatz f\u00fcr die 27 Mann beendet. Im Einsatz standen vier Fahrzeuge (<strong><a href=\"http:\/\/www.feuerwehr-florian.com\/?page_id=2916\">KRF-A 200<\/a><\/strong>, <strong><a href=\"http:\/\/www.feuerwehr-florian.com\/?page_id=3047\">TLF-A 2000<\/a><\/strong>, <strong><a href=\"http:\/\/www.feuerwehr-florian.com\/?page_id=3048\">TB-23\/12<\/a><\/strong>, <strong><a href=\"http:\/\/www.feuerwehr-florian.com\/?page_id=3049\">LF-A<\/a><\/strong>).<\/p>\n\n\t\t<style type=\"text\/css\">\n\t\t\t#gallery-1 {\n\t\t\t\tmargin: auto;\n\t\t\t}\n\t\t\t#gallery-1 .gallery-item {\n\t\t\t\tfloat: left;\n\t\t\t\tmargin-top: 10px;\n\t\t\t\ttext-align: center;\n\t\t\t\twidth: 33%;\n\t\t\t}\n\t\t\t#gallery-1 img {\n\t\t\t\tborder: 2px solid #cfcfcf;\n\t\t\t}\n\t\t\t#gallery-1 .gallery-caption {\n\t\t\t\tmargin-left: 0;\n\t\t\t}\n\t\t\t\/* see gallery_shortcode() in wp-includes\/media.php *\/\n\t\t<\/style>\n\t\t<div id='gallery-1' class='gallery galleryid-6359 gallery-columns-3 gallery-size-thumbnail'><dl class='gallery-item'>\n\t\t\t<dt class='gallery-icon landscape'>\n\t\t\t\t<a href='https:\/\/www.feuerwehr-florian.com\/wp-content\/uploads\/2017\/06\/DSC_0085.jpg' title=\"\" data-rl_title=\"\" class=\"rl-gallery-link\" data-rl_caption=\"\" data-rel=\"lightbox-gallery-1\"><img loading=\"lazy\" decoding=\"async\" width=\"250\" height=\"250\" src=\"https:\/\/www.feuerwehr-florian.com\/wp-content\/uploads\/2017\/06\/DSC_0085-250x250.jpg\" class=\"attachment-thumbnail size-thumbnail\" alt=\"\" \/><\/a>\n\t\t\t<\/dt><\/dl><dl class='gallery-item'>\n\t\t\t<dt class='gallery-icon portrait'>\n\t\t\t\t<a href='https:\/\/www.feuerwehr-florian.com\/wp-content\/uploads\/2017\/06\/DSC_0097.jpg' title=\"\" data-rl_title=\"\" class=\"rl-gallery-link\" data-rl_caption=\"\" data-rel=\"lightbox-gallery-1\"><img loading=\"lazy\" decoding=\"async\" width=\"250\" height=\"250\" src=\"https:\/\/www.feuerwehr-florian.com\/wp-content\/uploads\/2017\/06\/DSC_0097-250x250.jpg\" class=\"attachment-thumbnail size-thumbnail\" alt=\"\" \/><\/a>\n\t\t\t<\/dt><\/dl><dl class='gallery-item'>\n\t\t\t<dt class='gallery-icon landscape'>\n\t\t\t\t<a href='https:\/\/www.feuerwehr-florian.com\/wp-content\/uploads\/2017\/06\/DSC_0104.jpg' title=\"\" data-rl_title=\"\" class=\"rl-gallery-link\" data-rl_caption=\"\" data-rel=\"lightbox-gallery-1\"><img loading=\"lazy\" decoding=\"async\" width=\"250\" height=\"250\" src=\"https:\/\/www.feuerwehr-florian.com\/wp-content\/uploads\/2017\/06\/DSC_0104-250x250.jpg\" class=\"attachment-thumbnail size-thumbnail\" alt=\"\" \/><\/a>\n\t\t\t<\/dt><\/dl><br style=\"clear: both\" \/>\n\t\t<\/div>\n\n","protected":false},"excerpt":{"rendered":"<p>In der Fr\u00fch des 02. Juni 2017 wurde die FF St. Florian zu einem Brandmeldealarm ins Pummerinfeld alarmiert.<\/p>\n","protected":false},"author":2,"featured_media":6362,"comment_status":"closed","ping_status":"closed","sticky":false,"template":"","format":"standard","meta":{"_jetpack_memberships_contains_paid_content":false,"footnotes":"","jetpack_publicize_message":"","jetpack_publicize_feature_enabled":true,"jetpack_social_post_already_shared":false,"jetpack_social_options":{"image_generator_settings":{"template":"highway","default_image_id":0,"font":"","enabled":false},"version":2}},"categories":[22],"tags":[155,3,29,16,63],"class_list":["post-6359","post","type-post","status-publish","format-standard","has-post-thumbnail","hentry","category-einsaetze","tag-155","tag-brand","tag-brandeinsatz","tag-brandmeldealarm","tag-brandverdacht"],"jetpack_publicize_connections":[],"jetpack_featured_media_url":"https:\/\/www.feuerwehr-florian.com\/wp-content\/uploads\/2017\/06\/DSC_0104.jpg","jetpack_sharing_enabled":true,"jetpack_likes_enabled":true,"_links":{"self":[{"href":"https:\/\/www.feuerwehr-florian.com\/index.php?rest_route=\/wp\/v2\/posts\/6359","targetHints":{"allow":["GET"]}}],"collection":[{"href":"https:\/\/www.feuerwehr-florian.com\/index.php?rest_route=\/wp\/v2\/posts"}],"about":[{"href":"https:\/\/www.feuerwehr-florian.com\/index.php?rest_route=\/wp\/v2\/types\/post"}],"author":[{"embeddable":true,"href":"https:\/\/www.feuerwehr-florian.com\/index.php?rest_route=\/wp\/v2\/users\/2"}],"replies":[{"embeddable":true,"href":"https:\/\/www.feuerwehr-florian.com\/index.php?rest_route=%2Fwp%2Fv2%2Fcomments&post=6359"}],"version-history":[{"count":2,"href":"https:\/\/www.feuerwehr-florian.com\/index.php?rest_route=\/wp\/v2\/posts\/6359\/revisions"}],"predecessor-version":[{"id":6366,"href":"https:\/\/www.feuerwehr-florian.com\/index.php?rest_route=\/wp\/v2\/posts\/6359\/revisions\/6366"}],"wp:featuredmedia":[{"embeddable":true,"href":"https:\/\/www.feuerwehr-florian.com\/index.php?rest_route=\/wp\/v2\/media\/6362"}],"wp:attachment":[{"href":"https:\/\/www.feuerwehr-florian.com\/index.php?rest_route=%2Fwp%2Fv2%2Fmedia&parent=6359"}],"wp:term":[{"taxonomy":"category","embeddable":true,"href":"https:\/\/www.feuerwehr-florian.com\/index.php?rest_route=%2Fwp%2Fv2%2Fcategories&post=6359"},{"taxonomy":"post_tag","embeddable":true,"href":"https:\/\/www.feuerwehr-florian.com\/index.php?rest_route=%2Fwp%2Fv2%2Ftags&post=6359"}],"curies":[{"name":"wp","href":"https:\/\/api.w.org\/{rel}","templated":true}]}}